{"id":112563,"date":"2022-06-28T14:07:52","date_gmt":"2022-06-28T12:07:52","guid":{"rendered":"https:\/\/www.messinaoggi.it\/website\/2022\/06\/28\/nasce-oceano-verticale-patto-bicocca-maldive-per-la-biodiversita\/"},"modified":"2022-06-28T14:07:52","modified_gmt":"2022-06-28T12:07:52","slug":"nasce-oceano-verticale-patto-bicocca-maldive-per-la-biodiversita","status":"publish","type":"post","link":"https:\/\/www.messinaoggi.it\/website\/2022\/06\/28\/nasce-oceano-verticale-patto-bicocca-maldive-per-la-biodiversita\/","title":{"rendered":"Nasce \u201cOceano verticale\u201d, patto Bicocca-Maldive per la biodiversit\u00e0"},"content":{"rendered":"<div>MILANO (ITALPRESS) &#8211; Dodici miglia di risorse marine, dalla costa alla scogliera corallina, e otto chilometri di biodiversit\u00e0 verticale, dalle profondit\u00e0 dell&#8217;oceano fino alla colonna d&#8217;aria popolata dai volatili. Con il progetto &#8220;Oceano verticale&#8221; l&#8217;Universit\u00e0 di Milano-Bicocca e il governo delle Maldive rivoluzionano il concetto di parco marino e stringono un&#8217;alleanza per la protezione dell&#8217;ecosistema dell&#8217;arcipelago. Verr\u00e0 firmato oggi pomeriggio, nel corso della Ocean conference di Lisbona organizzata dalle Nazioni Unite, l&#8217;accordo tra l&#8217;ateneo milanese e il ministero dell&#8217;Ambiente, dei cambiamenti climatici e delle tecnologie della Repubblica delle Maldive per la salvaguardia e lo sviluppo sostenibile dell&#8217;ambiente marino nel cuore dell&#8217;Oceano Indiano. La partnership, nei prossimi tre anni, vedr\u00e0 impegnato un team di oltre 20 scienziati provenienti dall&#8217;Universit\u00e0 Bicocca nello studio degli habitat delle 1192 isole coralline degli atolli.<br \/>L&#8217;obiettivo \u00e8 quello di mettere a punto un metodo scientifico utile a preservare le aree marine e costiere maldiviane, identificando quelle che necessitano maggiormente di protezione. L&#8217;equipe della Bicocca potr\u00e0 contare sul lavoro del governo delle Maldive che garantir\u00e0 il supporto nella mappatura delle aree marine da salvaguardare e di quelle gi\u00e0 esistenti e coordiner\u00e0 i programmi e le iniziative di sensibilizzazione della popolazione relative alle aree protette. I monitoraggi saranno eseguiti da rappresentanti di entrambe le parti dell&#8217;accordo. Questo intenso sforzo di collaborazione tra l&#8217;Universit\u00e0 Bicocca e il governo maldiviano aumenter\u00e0 la capacit\u00e0 di quest&#8217;ultimo, cos\u00ec come quella degli stakeholder coinvolti, di gestire i dati raccolti ed implementare le decisioni che ne derivano. Inondazioni costiere, acidit\u00e0 degli oceani e innalzamento del livello del mare sono solo alcune delle condizioni che minacciano le isole.<br \/>&#8220;L&#8217;impatto di questi cambiamenti ha spinto scienziati e istituzioni a cambiare prospettiva verso un approccio verticale &#8211; spiega Paolo Galli, coordinatore scientifico dell&#8217;accordo e ecologo di Milano-Bicocca &#8211; le basse isole maldiviane e gli elementi naturali circostanti, ossia le acque marine e l&#8217;atmosfera, vanno considerati come una singola unit\u00e0 dello stesso ecosistema&#8221;. Proteggere l&#8217;ambiente come un ecosistema unico, dalle spiagge dove le tartarughe depongono le uova alle scogliere coralline fino ai mangroveti, questo \u00e8 il focus dell&#8217;accordo tra le due istituzioni che si innesta nel solco di una collaborazione di lungo corso. &#8220;Con il patto siglato oggi l&#8217;Ateneo rafforza il suo impegno per la missione di difesa dei mari e della biodiversit\u00e0 &#8211; afferma la rettrice di Milano-Bicocca, Giovanna Iannantuoni -. Con questo obiettivo l&#8217;universit\u00e0 schiera al fianco del governo delle Maldive tutte le sue competenze: non solo i biologi marini, ma anche psicologi, geologi, geografi e giuristi saranno coinvolti nella messa a punto di strategie in grado di garantire la resilienza di questo delicato e prezioso ecosistema&#8221;.<div id=\"div-gpt-ad-Messinaoggi.it-DSK-300x250-corpoart\" style=\"text-align:center;margin:0 auto;\"><\/div><\/p>\n<p>&#8211; foto ufficio stampa Milano-Bicocca &#8211; <br \/>(ITALPRESS).<\/div>\n<div id=\"videoincontent\" style=\"clear:both\";><\/div>","protected":false},"excerpt":{"rendered":"<p>MILANO (ITALPRESS) &#8211; Dodici miglia di risorse marine, dalla costa alla scogliera corallina, e otto chilometri di biodiversit\u00e0 verticale, dalle profondit\u00e0 dell&#8217;oceano fino alla colonna d&#8217;aria popolata dai volatili. Con il progetto &#8220;Oceano verticale&#8221; l&#8217;Universit\u00e0 di Milano-Bicocca e il governo delle Maldive rivoluzionano il concetto di parco marino e stringono un&#8217;alleanza per la protezione dell&#8217;ecosistema [&hellip;]<\/p>\n","protected":false},"author":18,"featured_media":112564,"comment_status":"closed","ping_status":"closed","sticky":false,"template":"","format":"standard","meta":{"ub_ctt_via":"","_mi_skip_tracking":false},"categories":[446],"tags":[783],"featured_image_src":"https:\/\/www.messinaoggi.it\/website\/wp-content\/uploads\/2022\/06\/20220628_0870.jpg","author_info":{"display_name":"Admin","author_link":"https:\/\/www.messinaoggi.it\/website\/author\/admin\/"},"digistream_id":0,"digistream":false,"_links":{"self":[{"href":"https:\/\/www.messinaoggi.it\/website\/wp-json\/wp\/v2\/posts\/112563"}],"collection":[{"href":"https:\/\/www.messinaoggi.it\/website\/wp-json\/wp\/v2\/posts"}],"about":[{"href":"https:\/\/www.messinaoggi.it\/website\/wp-json\/wp\/v2\/types\/post"}],"author":[{"embeddable":true,"href":"https:\/\/www.messinaoggi.it\/website\/wp-json\/wp\/v2\/users\/18"}],"replies":[{"embeddable":true,"href":"https:\/\/www.messinaoggi.it\/website\/wp-json\/wp\/v2\/comments?post=112563"}],"version-history":[{"count":0,"href":"https:\/\/www.messinaoggi.it\/website\/wp-json\/wp\/v2\/posts\/112563\/revisions"}],"wp:featuredmedia":[{"embeddable":true,"href":"https:\/\/www.messinaoggi.it\/website\/wp-json\/wp\/v2\/media\/112564"}],"wp:attachment":[{"href":"https:\/\/www.messinaoggi.it\/website\/wp-json\/wp\/v2\/media?parent=112563"}],"wp:term":[{"taxonomy":"category","embeddable":true,"href":"https:\/\/www.messinaoggi.it\/website\/wp-json\/wp\/v2\/categories?post=112563"},{"taxonomy":"post_tag","embeddable":true,"href":"https:\/\/www.messinaoggi.it\/website\/wp-json\/wp\/v2\/tags?post=112563"}],"curies":[{"name":"wp","href":"https:\/\/api.w.org\/{rel}","templated":true}]}}