{"id":112537,"date":"2022-06-28T13:07:52","date_gmt":"2022-06-28T11:07:52","guid":{"rendered":"https:\/\/www.messinaoggi.it\/website\/2022\/06\/28\/berrettini-positivo-al-covid-niente-wimbledon\/"},"modified":"2022-06-28T13:07:52","modified_gmt":"2022-06-28T11:07:52","slug":"berrettini-positivo-al-covid-niente-wimbledon","status":"publish","type":"post","link":"https:\/\/www.messinaoggi.it\/website\/2022\/06\/28\/berrettini-positivo-al-covid-niente-wimbledon\/","title":{"rendered":"Berrettini positivo al Covid, niente Wimbledon"},"content":{"rendered":"<div>LONDRA (INGHILTERRA) (ITALPRESS) &#8211; Matteo Berrettini non disputer\u00e0 il torneo di Wimbledon, terzo Slam stagionale in corso sull&#8217;erba londinese. Il 26enne tennista romano, n.11 del ranking ed ottavo favorito del seeding, ha annunciato su Instagram la sua positivit\u00e0 al Covid-19. &#8220;Ho il cuore spezzato nell&#8217;annunciare che devo ritirarmi da Wimbledon a causa del risultato positivo del test Covid-19 &#8211; le parole del campione azzurro, che lo scorso anno fu sconfitto in finale da Djokovic &#8211; Ho avuto sintomi influenzali e sono stato in isolamento negli ultimi giorni. Nonostante i sintomi non siano gravi, ho deciso che era importante fare un altro test questa mattina per proteggere la salute e la sicurezza dei miei colleghi e di tutti gli altri coinvolti nel torneo. Non ho parole per descrivere l&#8217;estrema delusione che provo. Il sogno \u00e8 finito per quest&#8217;anno, ma torner\u00f2 pi\u00f9 forte&#8221;. Berrettini, che avrebbe dovuto esordire in tabellone oggi contro contro il cileno Cristian Garin, era reduce dal doppio successo sull&#8217;erba di Stoccarda e del Queen&#8217;s dopo il lungo periodo di stop per l&#8217;operazione al polso ed era dato tra i grandi favoriti per la vittoria finale dai bookmakers. <br \/>&#8211; foto LivePhotoSport &#8211;<br \/>(ITALPRESS).<\/div>\n<div id=\"div-gpt-ad-Messinaoggi.it-DSK-300x250-corpoart\" style=\"text-align:center;margin:0 auto;\"><\/div><\/p><div id=\"videoincontent\" style=\"clear:both\";><\/div>","protected":false},"excerpt":{"rendered":"<p>LONDRA (INGHILTERRA) (ITALPRESS) &#8211; Matteo Berrettini non disputer\u00e0 il torneo di Wimbledon, terzo Slam stagionale in corso sull&#8217;erba londinese. Il 26enne tennista romano, n.11 del ranking ed ottavo favorito del seeding, ha annunciato su Instagram la sua positivit\u00e0 al Covid-19. &#8220;Ho il cuore spezzato nell&#8217;annunciare che devo ritirarmi da Wimbledon a causa del risultato positivo [&hellip;]<\/p>\n","protected":false},"author":18,"featured_media":112538,"comment_status":"closed","ping_status":"closed","sticky":false,"template":"","format":"standard","meta":{"ub_ctt_via":"","_mi_skip_tracking":false},"categories":[446],"tags":[783],"featured_image_src":"https:\/\/www.messinaoggi.it\/website\/wp-content\/uploads\/2022\/06\/20220628_0577.jpg","author_info":{"display_name":"Admin","author_link":"https:\/\/www.messinaoggi.it\/website\/author\/admin\/"},"digistream_id":0,"digistream":false,"_links":{"self":[{"href":"https:\/\/www.messinaoggi.it\/website\/wp-json\/wp\/v2\/posts\/112537"}],"collection":[{"href":"https:\/\/www.messinaoggi.it\/website\/wp-json\/wp\/v2\/posts"}],"about":[{"href":"https:\/\/www.messinaoggi.it\/website\/wp-json\/wp\/v2\/types\/post"}],"author":[{"embeddable":true,"href":"https:\/\/www.messinaoggi.it\/website\/wp-json\/wp\/v2\/users\/18"}],"replies":[{"embeddable":true,"href":"https:\/\/www.messinaoggi.it\/website\/wp-json\/wp\/v2\/comments?post=112537"}],"version-history":[{"count":0,"href":"https:\/\/www.messinaoggi.it\/website\/wp-json\/wp\/v2\/posts\/112537\/revisions"}],"wp:featuredmedia":[{"embeddable":true,"href":"https:\/\/www.messinaoggi.it\/website\/wp-json\/wp\/v2\/media\/112538"}],"wp:attachment":[{"href":"https:\/\/www.messinaoggi.it\/website\/wp-json\/wp\/v2\/media?parent=112537"}],"wp:term":[{"taxonomy":"category","embeddable":true,"href":"https:\/\/www.messinaoggi.it\/website\/wp-json\/wp\/v2\/categories?post=112537"},{"taxonomy":"post_tag","embeddable":true,"href":"https:\/\/www.messinaoggi.it\/website\/wp-json\/wp\/v2\/tags?post=112537"}],"curies":[{"name":"wp","href":"https:\/\/api.w.org\/{rel}","templated":true}]}}