{"id":112525,"date":"2022-06-28T11:07:52","date_gmt":"2022-06-28T09:07:52","guid":{"rendered":"https:\/\/www.messinaoggi.it\/website\/2022\/06\/28\/terna-120-mln-per-il-riassetto-della-rete-elettrica-di-roma-nord-ovest\/"},"modified":"2022-06-28T11:07:52","modified_gmt":"2022-06-28T09:07:52","slug":"terna-120-mln-per-il-riassetto-della-rete-elettrica-di-roma-nord-ovest","status":"publish","type":"post","link":"https:\/\/www.messinaoggi.it\/website\/2022\/06\/28\/terna-120-mln-per-il-riassetto-della-rete-elettrica-di-roma-nord-ovest\/","title":{"rendered":"Terna, 120 mln per il riassetto della rete elettrica di Roma Nord-Ovest"},"content":{"rendered":"<div>ROMA (ITALPRESS) &#8211; Entra nel vivo il piano di Terna per il riassetto della rete elettrica ad Alta e Altissima Tensione della Capitale. In particolare, la societ\u00e0 guidata da Stefano Donnarumma investir\u00e0 nei prossimi anni oltre 120 milioni di euro per incrementare la sicurezza di esercizio e la continuit\u00e0 del servizio di trasmissione nel quadrante Nord-Ovest dell&#8217;area metropolitana di Roma, al fine di soddisfare il crescente aumento di carico della citt\u00e0. Nel dettaglio, gli interventi pianificati da Terna, condivisi con Regione Lazio, Comune di Roma ed Enti gestori delle aree protette, consentiranno di demolire oltre 120 km di linee aeree a fronte della realizzazione di circa 45 km di nuovi collegamenti, di cui oltre la met\u00e0 in cavo completamente interrato. Significativi benefici ambientali e paesaggistici deriveranno dalle demolizioni previste all&#8217;interno di aree naturali protette come il Parco di Veio dove, a fronte di 9,5 km di cavi interrati prevalentemente lungo la viabilit\u00e0 esistente e di 9 km di linee aeree, saranno smantellati pi\u00f9 di 35 km di vecchie linee. Anche la Riserva Naturale della Marcigliana vedr\u00e0 un beneficio in termini di riduzione di linee aeree: a fronte di 3 km di nuovi elettrodotti, ne verranno demoliti 4.<br \/>Nel complesso, a beneficiare delle attivit\u00e0 pianificate da Terna saranno le comunit\u00e0 dei Municipi XV, XIV, XIII, nelle zone di Prima Porta, Settebagni, Valle Muricana, Giustiniana, Primavalle e Casalotti. Gli interventi previsti dal riassetto della zona Nord-Ovest della Capitale sono stati suddivisi in due gruppi distinti. Per il primo, che prevede la realizzazione di una nuova Stazione Elettrica e di brevi collegamenti misti aereo\/cavo e un investimento di circa 80 milioni di euro, la fase di concertazione si \u00e8 chiusa il 27 giugno con un &#8220;Terna Incontra&#8221; organizzato presso il Centro Anziani di Valle Muricana. Tecnici e ingegneri dell&#8217;azienda hanno incontrato cittadini, istituzioni e associazioni interessate dagli interventi per presentare tutti i dettagli e le caratteristiche delle future opere e rispondere alle domande dei soggetti coinvolti. Per quanto riguarda invece il secondo gruppo di interventi &#8211; in cui figura, tra gli altri, un nuovo elettrodotto in cavo interrato di circa 30 km e la demolizione della linea aerea di 35 km &#8220;Roma Ovest-Primavalle-Flaminia-Fiano Romano&#8221; &#8211; Terna, che investir\u00e0 45 milioni di euro, avvier\u00e0 l&#8217;istanza di autorizzazione al Ministero della Transizione Ecologica entro la fine di giugno.<br \/>&#8220;E&#8217; un progetto molto importante, previsto nel piano di sviluppo di Terna per assicurare una rete pi\u00f9 efficace ed efficiente e un servizio di trasmissione elettrica pi\u00f9 adeguato alle esigenze, sempre crescenti, di consumo da parte della citt\u00e0 di Roma&#8221;, ha spiegato Chiara Pietraggi, responsabile Centro Sud Area Tirrenica, Gestione Processi Amministrativi di Terna.<br \/>&#8220;Ristabilire un sistema di solidariet\u00e0 e di consapevolezza all&#8217;interno della cittadinanza sicuramente d\u00e0 fiducia a una comunit\u00e0 che vuole delle certezze. Gran parte del nostro territorio \u00e8 verde, ed \u00e8 importante che ci sia anche un investimento sostenibile&#8221;, ha concluso Daniele Torquati, presidente del XV Municipio di Roma.<div id=\"div-gpt-ad-Messinaoggi.it-DSK-300x250-corpoart\" style=\"text-align:center;margin:0 auto;\"><\/div><\/p>\n<p>&#8211; foto xc4\/Italpress &#8211;<div id=\"videoincontent\" style=\"clear:both\";><\/div><\/p>\n<p>(ITALPRESS).<\/p><\/div>\n","protected":false},"excerpt":{"rendered":"<p>ROMA (ITALPRESS) &#8211; Entra nel vivo il piano di Terna per il riassetto della rete elettrica ad Alta e Altissima Tensione della Capitale. In particolare, la societ\u00e0 guidata da Stefano Donnarumma investir\u00e0 nei prossimi anni oltre 120 milioni di euro per incrementare la sicurezza di esercizio e la continuit\u00e0 del servizio di trasmissione nel quadrante [&hellip;]<\/p>\n","protected":false},"author":18,"featured_media":112526,"comment_status":"closed","ping_status":"closed","sticky":false,"template":"","format":"standard","meta":{"ub_ctt_via":"","_mi_skip_tracking":false},"categories":[446],"tags":[783],"featured_image_src":"https:\/\/www.messinaoggi.it\/website\/wp-content\/uploads\/2022\/06\/20220628_0250.jpg","author_info":{"display_name":"Admin","author_link":"https:\/\/www.messinaoggi.it\/website\/author\/admin\/"},"digistream_id":0,"digistream":false,"_links":{"self":[{"href":"https:\/\/www.messinaoggi.it\/website\/wp-json\/wp\/v2\/posts\/112525"}],"collection":[{"href":"https:\/\/www.messinaoggi.it\/website\/wp-json\/wp\/v2\/posts"}],"about":[{"href":"https:\/\/www.messinaoggi.it\/website\/wp-json\/wp\/v2\/types\/post"}],"author":[{"embeddable":true,"href":"https:\/\/www.messinaoggi.it\/website\/wp-json\/wp\/v2\/users\/18"}],"replies":[{"embeddable":true,"href":"https:\/\/www.messinaoggi.it\/website\/wp-json\/wp\/v2\/comments?post=112525"}],"version-history":[{"count":0,"href":"https:\/\/www.messinaoggi.it\/website\/wp-json\/wp\/v2\/posts\/112525\/revisions"}],"wp:featuredmedia":[{"embeddable":true,"href":"https:\/\/www.messinaoggi.it\/website\/wp-json\/wp\/v2\/media\/112526"}],"wp:attachment":[{"href":"https:\/\/www.messinaoggi.it\/website\/wp-json\/wp\/v2\/media?parent=112525"}],"wp:term":[{"taxonomy":"category","embeddable":true,"href":"https:\/\/www.messinaoggi.it\/website\/wp-json\/wp\/v2\/categories?post=112525"},{"taxonomy":"post_tag","embeddable":true,"href":"https:\/\/www.messinaoggi.it\/website\/wp-json\/wp\/v2\/tags?post=112525"}],"curies":[{"name":"wp","href":"https:\/\/api.w.org\/{rel}","templated":true}]}}