{"id":112515,"date":"2022-06-28T09:07:51","date_gmt":"2022-06-28T07:07:51","guid":{"rendered":"https:\/\/www.messinaoggi.it\/website\/2022\/06\/28\/orlando-al-centro-ce-la-calca-servono-risposte-piu-radicali\/"},"modified":"2022-06-28T09:07:51","modified_gmt":"2022-06-28T07:07:51","slug":"orlando-al-centro-ce-la-calca-servono-risposte-piu-radicali","status":"publish","type":"post","link":"https:\/\/www.messinaoggi.it\/website\/2022\/06\/28\/orlando-al-centro-ce-la-calca-servono-risposte-piu-radicali\/","title":{"rendered":"Orlando \u201cAl centro c\u2019\u00e8 la calca, servono risposte pi\u00f9 radicali\u201d"},"content":{"rendered":"<div>ROMA (ITALPRESS) &#8211; Il risultato delle elezioni comunali &#8220;conferma il fatto che una coalizione aperta, pi\u00f9 che larga, in grado di includere il civismo, \u00e8 competitiva a livello locale e pu\u00f2 contare su una selezione pi\u00f9 efficace della classe dirigente. Mi pare che il centrodestra invece paghi molto i tentativi di melonizzazione. Hanno provato a imporre uno schema nazionale rigido, con una egemonia di FdI, e credo sia solo l&#8217;anticamera di un processo pi\u00f9 generale che porter\u00e0 una trazione meloniana. O le altri componenti sono in grado di reagire, o si determineranno contraccolpi&#8221;. Lo dice al Corriere della Sera il ministro del Lavoro Andrea Orlando.<br \/>Nel centrosinistra &#8220;bisogna puntare ad allargare quanto pi\u00f9 possibile, partendo non da una impalcatura ideologica, ma dall&#8217;agenda e dalle domande presenti nella societ\u00e0, che cresceranno ancora di pi\u00f9 come ha dimostrato il voto francese &#8211; aggiunge -. E&#8217; su priorit\u00e0 come salari, lotta precariet\u00e0, transizione ecologica, attenzione alla sanit\u00e0 e alla scuola pubblica che bisogna misurare vicinanze e distanze dei potenziali protagonisti del cosiddetto campo largo&#8221;.<br \/>Quanto al centro, &#8220;vedo un certo accalcamento. Rischiano di essere pi\u00f9 i leader del mondo moderato, con toni non sempre moderati, dei potenziali elettori &#8211; prosegue il ministro del Lavoro -. Se guardiamo alla Francia vediamo la tendenza a una forte polarizzazione del voto. Il centrosinistra si deve porre la questione di come dare un messaggio di radicalit\u00e0. Molti elettori che hanno disertato torneranno al voto e rischiano di trovare parole radicali solo nel centrodestra&#8221;.<div id=\"div-gpt-ad-Messinaoggi.it-DSK-300x250-corpoart\" style=\"text-align:center;margin:0 auto;\"><\/div><\/p>\n<p>&#8211; foto agenziafotogramma.it &#8211;<div id=\"videoincontent\" style=\"clear:both\";><\/div><\/p>\n<p>(ITALPRESS).<\/p><\/div>\n","protected":false},"excerpt":{"rendered":"<p>ROMA (ITALPRESS) &#8211; Il risultato delle elezioni comunali &#8220;conferma il fatto che una coalizione aperta, pi\u00f9 che larga, in grado di includere il civismo, \u00e8 competitiva a livello locale e pu\u00f2 contare su una selezione pi\u00f9 efficace della classe dirigente. Mi pare che il centrodestra invece paghi molto i tentativi di melonizzazione. Hanno provato a [&hellip;]<\/p>\n","protected":false},"author":18,"featured_media":112516,"comment_status":"closed","ping_status":"closed","sticky":false,"template":"","format":"standard","meta":{"ub_ctt_via":"","_mi_skip_tracking":false},"categories":[446],"tags":[783],"featured_image_src":"https:\/\/www.messinaoggi.it\/website\/wp-content\/uploads\/2022\/06\/20220628_0079.jpg","author_info":{"display_name":"Admin","author_link":"https:\/\/www.messinaoggi.it\/website\/author\/admin\/"},"digistream_id":0,"digistream":false,"_links":{"self":[{"href":"https:\/\/www.messinaoggi.it\/website\/wp-json\/wp\/v2\/posts\/112515"}],"collection":[{"href":"https:\/\/www.messinaoggi.it\/website\/wp-json\/wp\/v2\/posts"}],"about":[{"href":"https:\/\/www.messinaoggi.it\/website\/wp-json\/wp\/v2\/types\/post"}],"author":[{"embeddable":true,"href":"https:\/\/www.messinaoggi.it\/website\/wp-json\/wp\/v2\/users\/18"}],"replies":[{"embeddable":true,"href":"https:\/\/www.messinaoggi.it\/website\/wp-json\/wp\/v2\/comments?post=112515"}],"version-history":[{"count":0,"href":"https:\/\/www.messinaoggi.it\/website\/wp-json\/wp\/v2\/posts\/112515\/revisions"}],"wp:featuredmedia":[{"embeddable":true,"href":"https:\/\/www.messinaoggi.it\/website\/wp-json\/wp\/v2\/media\/112516"}],"wp:attachment":[{"href":"https:\/\/www.messinaoggi.it\/website\/wp-json\/wp\/v2\/media?parent=112515"}],"wp:term":[{"taxonomy":"category","embeddable":true,"href":"https:\/\/www.messinaoggi.it\/website\/wp-json\/wp\/v2\/categories?post=112515"},{"taxonomy":"post_tag","embeddable":true,"href":"https:\/\/www.messinaoggi.it\/website\/wp-json\/wp\/v2\/tags?post=112515"}],"curies":[{"name":"wp","href":"https:\/\/api.w.org\/{rel}","templated":true}]}}