{"id":112502,"date":"2022-06-27T20:07:52","date_gmt":"2022-06-27T18:07:52","guid":{"rendered":"https:\/\/www.messinaoggi.it\/website\/2022\/06\/27\/letta-voto-rende-piu-forte-agenda-sociale-governo\/"},"modified":"2022-06-27T20:07:52","modified_gmt":"2022-06-27T18:07:52","slug":"letta-voto-rende-piu-forte-agenda-sociale-governo","status":"publish","type":"post","link":"https:\/\/www.messinaoggi.it\/website\/2022\/06\/27\/letta-voto-rende-piu-forte-agenda-sociale-governo\/","title":{"rendered":"Letta \u201cVoto rende pi\u00f9 forte agenda sociale governo\u201d"},"content":{"rendered":"<div>ROMA (ITALPRESS) &#8211; &#8220;Penso che questo voto aiuti a rendere pi\u00f9 forte l&#8217;agenda sociale del governo. L&#8217;inflazione sta diventando molto alta, \u00e8 una tassa disuguale che colpisce le famiglie soprattutto quelle deboli, bisogna intervenire soprattutto sui salari&#8221;. Lo ha detto il segretario del Pd, Enrico Letta, al Tg3. E&#8217; possibile realizzare il patto di maggioranza? &#8220;E&#8217; fondamentale perch\u00e8 l&#8217;inflazione morde la capacit\u00e0 di acquisto delle famiglie, c&#8217;\u00e8 bisogno di abbassare le tasse sul lavoro, di intervenire su quello povero e di battere la precariet\u00e0. Questo \u00e8 fondamentale a partire dai giovani, ma riguarda tutti&#8221;, ha proseguito. <br \/>&#8211; Foto Agenziafotogramma.it &#8211;<br \/>(ITALPRESS).<\/div>\n<div id=\"div-gpt-ad-Messinaoggi.it-DSK-300x250-corpoart\" style=\"text-align:center;margin:0 auto;\"><\/div><\/p><div id=\"videoincontent\" style=\"clear:both\";><\/div>","protected":false},"excerpt":{"rendered":"<p>ROMA (ITALPRESS) &#8211; &#8220;Penso che questo voto aiuti a rendere pi\u00f9 forte l&#8217;agenda sociale del governo. L&#8217;inflazione sta diventando molto alta, \u00e8 una tassa disuguale che colpisce le famiglie soprattutto quelle deboli, bisogna intervenire soprattutto sui salari&#8221;. Lo ha detto il segretario del Pd, Enrico Letta, al Tg3. E&#8217; possibile realizzare il patto di maggioranza? [&hellip;]<\/p>\n","protected":false},"author":18,"featured_media":112503,"comment_status":"closed","ping_status":"closed","sticky":false,"template":"","format":"standard","meta":{"ub_ctt_via":"","_mi_skip_tracking":false},"categories":[446],"tags":[783],"featured_image_src":"https:\/\/www.messinaoggi.it\/website\/wp-content\/uploads\/2022\/06\/20220627_2303.jpg","author_info":{"display_name":"Admin","author_link":"https:\/\/www.messinaoggi.it\/website\/author\/admin\/"},"digistream_id":0,"digistream":false,"_links":{"self":[{"href":"https:\/\/www.messinaoggi.it\/website\/wp-json\/wp\/v2\/posts\/112502"}],"collection":[{"href":"https:\/\/www.messinaoggi.it\/website\/wp-json\/wp\/v2\/posts"}],"about":[{"href":"https:\/\/www.messinaoggi.it\/website\/wp-json\/wp\/v2\/types\/post"}],"author":[{"embeddable":true,"href":"https:\/\/www.messinaoggi.it\/website\/wp-json\/wp\/v2\/users\/18"}],"replies":[{"embeddable":true,"href":"https:\/\/www.messinaoggi.it\/website\/wp-json\/wp\/v2\/comments?post=112502"}],"version-history":[{"count":0,"href":"https:\/\/www.messinaoggi.it\/website\/wp-json\/wp\/v2\/posts\/112502\/revisions"}],"wp:featuredmedia":[{"embeddable":true,"href":"https:\/\/www.messinaoggi.it\/website\/wp-json\/wp\/v2\/media\/112503"}],"wp:attachment":[{"href":"https:\/\/www.messinaoggi.it\/website\/wp-json\/wp\/v2\/media?parent=112502"}],"wp:term":[{"taxonomy":"category","embeddable":true,"href":"https:\/\/www.messinaoggi.it\/website\/wp-json\/wp\/v2\/categories?post=112502"},{"taxonomy":"post_tag","embeddable":true,"href":"https:\/\/www.messinaoggi.it\/website\/wp-json\/wp\/v2\/tags?post=112502"}],"curies":[{"name":"wp","href":"https:\/\/api.w.org\/{rel}","templated":true}]}}