{"id":112462,"date":"2022-06-27T17:07:51","date_gmt":"2022-06-27T15:07:51","guid":{"rendered":"https:\/\/www.messinaoggi.it\/website\/2022\/06\/27\/bat-italia-welfare-sociale-al-centro-del-nuovo-accordo-integrativo\/"},"modified":"2022-06-27T17:07:51","modified_gmt":"2022-06-27T15:07:51","slug":"bat-italia-welfare-sociale-al-centro-del-nuovo-accordo-integrativo","status":"publish","type":"post","link":"https:\/\/www.messinaoggi.it\/website\/2022\/06\/27\/bat-italia-welfare-sociale-al-centro-del-nuovo-accordo-integrativo\/","title":{"rendered":"BAT Italia, welfare sociale al centro del nuovo accordo integrativo"},"content":{"rendered":"<div>ROMA (ITALPRESS) &#8211; BAT Italia annuncia il nuovo accordo integrativo 2022-2025 sottoscritto insieme ai sindacati Fai, Flai e Uila. Risultato della relazione costruita negli anni con le organizzazioni sindacali e di un proficuo confronto, l&#8217;accordo concretizza l&#8217;impegno di BAT per le sue persone e per l&#8217;evoluzione del welfare aziendale verso un nuovo standard di &#8220;worklife balance&#8221;, con un impatto positivo e concreto nella vita quotidiana di tutti i dipendenti e delle loro famiglie.<br \/>L&#8217;accordo presenta numerosi aspetti innovativi, con particolare focus sul sostegno alla genitorialit\u00e0 e alle famiglie. In dettaglio, sono previsti: 10 giorni in pi\u00f9 per il congedo di paternit\u00e0, rispetto alla normativa vigente; l&#8217;estensione del congedo parentale fino al tredicesimo anno di et\u00e0 dei figli; la possibilit\u00e0 di smart working al 100% per i genitori con figli fino ad 1 anno di et\u00e0; pi\u00f9 giorni di permesso (fino a 10) in caso di malattia dei figli dai 3 ai 12 anni) di cui tre retribuiti (quattro nei casi di maggiore gravit\u00e0); corsi di formazione e aggiornamento per i genitori al rientro dalla maternit\u00e0\/paternit\u00e0; pi\u00f9 giornate per l&#8217;assistenza a genitori anziani; in tema di assistenza sanitaria integrativa, un contributo totale di 130 euro a parziale copertura dell&#8217;iscrizione dei componenti del nucleo familiare e\/o delle franchigie.<br \/>Si prevede ancora: l&#8217;istituzione di una banca ore solidale, che consenta di far fronte a periodi di particolare difficolt\u00e0 grazie al supporto dell&#8217;azienda e dei colleghi; formazione professionale continua garantita a tutti i dipendenti a supporto del percorso di crescita delle carriere; momenti di sensibilizzazione e confronto sulla violenza di genere ed inclusivit\u00e0.<br \/>L&#8217;accordo, inoltre, prevede l&#8217;introduzione di una piattaforma di welfare aziendale che permetter\u00e0 a tutti i dipendenti di usufruire di diverse misure di aiuto diretto alle famiglie, come riconoscimenti economici per i neogenitori (300 euro), incremento di contributi per gli asili nido e per l&#8217;istruzione dei figli (rispettivamente 200 e 250 euro mensili), oltre a numerose facilitazioni per l&#8217;accesso a servizi, come babysitting, visite mediche, organizzazione di viaggi e acquisto dei libri scolastici, che in questa fase intendono supportare le persone e i nuclei familiari nel contrasto attivo agli effetti dell&#8217;inflazione.<br \/>&#8220;Siamo orgogliosi di annunciare questo importante traguardo: oggi variamo un pacchetto di misure che vuole rappresentare uno strumento concreto di sostegno e flessibilit\u00e0 per le persone di BAT e le loro famiglie, in particolare nel delicato periodo storico che stiamo vivendo&#8221;, ha dichiarato Vera Cubranic Bocak, HR &amp; Inclusion Director per l&#8217;Italia e l&#8217;Area Sud Europa (SEA).<br \/>&#8220;Il nostro impegno non guarda solo alla nostra comunit\u00e0 e all&#8217;immediato, ma vuole contribuire a creare nei prossimi anni uno standard diffuso di welfare aziendale che abbia un impatto positivo sulla collettivit\u00e0 e che aiuti tutti noi a realizzare A Better Tomorrow: un futuro migliore, pi\u00f9 equo, sostenibile e inclusivo, che \u00e8 al centro della visione di BAT&#8221;, ha aggiunto.<div id=\"div-gpt-ad-Messinaoggi.it-DSK-300x250-corpoart\" style=\"text-align:center;margin:0 auto;\"><\/div><\/p>\n<p>&#8211; foto ufficio stampa BAT Italia &#8211;<div id=\"videoincontent\" style=\"clear:both\";><\/div><\/p>\n<p>(ITALPRESS).<\/p><\/div>\n","protected":false},"excerpt":{"rendered":"<p>ROMA (ITALPRESS) &#8211; BAT Italia annuncia il nuovo accordo integrativo 2022-2025 sottoscritto insieme ai sindacati Fai, Flai e Uila. Risultato della relazione costruita negli anni con le organizzazioni sindacali e di un proficuo confronto, l&#8217;accordo concretizza l&#8217;impegno di BAT per le sue persone e per l&#8217;evoluzione del welfare aziendale verso un nuovo standard di &#8220;worklife [&hellip;]<\/p>\n","protected":false},"author":18,"featured_media":112463,"comment_status":"closed","ping_status":"closed","sticky":false,"template":"","format":"standard","meta":{"ub_ctt_via":"","_mi_skip_tracking":false},"categories":[446],"tags":[783],"featured_image_src":"https:\/\/www.messinaoggi.it\/website\/wp-content\/uploads\/2022\/06\/20220627_1319.jpg","author_info":{"display_name":"Admin","author_link":"https:\/\/www.messinaoggi.it\/website\/author\/admin\/"},"digistream_id":0,"digistream":false,"_links":{"self":[{"href":"https:\/\/www.messinaoggi.it\/website\/wp-json\/wp\/v2\/posts\/112462"}],"collection":[{"href":"https:\/\/www.messinaoggi.it\/website\/wp-json\/wp\/v2\/posts"}],"about":[{"href":"https:\/\/www.messinaoggi.it\/website\/wp-json\/wp\/v2\/types\/post"}],"author":[{"embeddable":true,"href":"https:\/\/www.messinaoggi.it\/website\/wp-json\/wp\/v2\/users\/18"}],"replies":[{"embeddable":true,"href":"https:\/\/www.messinaoggi.it\/website\/wp-json\/wp\/v2\/comments?post=112462"}],"version-history":[{"count":0,"href":"https:\/\/www.messinaoggi.it\/website\/wp-json\/wp\/v2\/posts\/112462\/revisions"}],"wp:featuredmedia":[{"embeddable":true,"href":"https:\/\/www.messinaoggi.it\/website\/wp-json\/wp\/v2\/media\/112463"}],"wp:attachment":[{"href":"https:\/\/www.messinaoggi.it\/website\/wp-json\/wp\/v2\/media?parent=112462"}],"wp:term":[{"taxonomy":"category","embeddable":true,"href":"https:\/\/www.messinaoggi.it\/website\/wp-json\/wp\/v2\/categories?post=112462"},{"taxonomy":"post_tag","embeddable":true,"href":"https:\/\/www.messinaoggi.it\/website\/wp-json\/wp\/v2\/tags?post=112462"}],"curies":[{"name":"wp","href":"https:\/\/api.w.org\/{rel}","templated":true}]}}