{"id":112426,"date":"2022-06-27T14:30:48","date_gmt":"2022-06-27T12:30:48","guid":{"rendered":"http:\/\/www.messinaoggi.it\/website\/?p=112426"},"modified":"2022-06-27T14:31:53","modified_gmt":"2022-06-27T12:31:53","slug":"messina-avvolta-nella-lupa","status":"publish","type":"post","link":"https:\/\/www.messinaoggi.it\/website\/2022\/06\/27\/messina-avvolta-nella-lupa\/","title":{"rendered":"Messina avvolta nella Lupa"},"content":{"rendered":"\n<p>Questa mattina a Messina si \u00e8 verificato un suggestivo fenomeno. Una densa nube bianca, infatti, ha oscurato parzialmente la visibilit\u00e0 della citt\u00e0. E cos\u00ec, ad esempio, la parte inferiore del Pilone sembra essere misteriosamente scomparsa.<div id=\"div-gpt-ad-Messinaoggi.it-DSK-300x250-corpoart\" style=\"text-align:center;margin:0 auto;\"><\/div><\/p>\n\n\n\n<p>Quanto si \u00e8 verificato \u00e8 noto come Lupa, un fenomeno atmosferico tipico della nostra citt\u00e0. In particolare, a causare la nube bianca \u00e8 stato lo scorrimento dell&#8217;aria calda sul mare freddo. Ci\u00f2, infatti, produce un vapore acqueo che poi si condensa, restituendoci questo suggestivo scenario.<div id=\"videoincontent\" style=\"clear:both\";><\/div><\/p>\n","protected":false},"excerpt":{"rendered":"<p>Questa mattina a Messina si \u00e8 verificato un suggestivo fenomeno. Una densa nube bianca, infatti, ha oscurato parzialmente la visibilit\u00e0 della citt\u00e0. E cos\u00ec, ad esempio, la parte inferiore del Pilone sembra essere misteriosamente scomparsa. Quanto si \u00e8 verificato \u00e8 noto come Lupa, un fenomeno atmosferico tipico della nostra citt\u00e0. In particolare, a causare la [&hellip;]<\/p>\n","protected":false},"author":8,"featured_media":112427,"comment_status":"open","ping_status":"open","sticky":false,"template":"","format":"standard","meta":{"ub_ctt_via":"","_mi_skip_tracking":false},"categories":[5],"tags":[1975],"featured_image_src":"https:\/\/www.messinaoggi.it\/website\/wp-content\/uploads\/2022\/06\/IMG-20220627-WA0028.jpg","author_info":{"display_name":"red..me","author_link":"https:\/\/www.messinaoggi.it\/website\/author\/redstage\/"},"digistream_id":0,"digistream":false,"_links":{"self":[{"href":"https:\/\/www.messinaoggi.it\/website\/wp-json\/wp\/v2\/posts\/112426"}],"collection":[{"href":"https:\/\/www.messinaoggi.it\/website\/wp-json\/wp\/v2\/posts"}],"about":[{"href":"https:\/\/www.messinaoggi.it\/website\/wp-json\/wp\/v2\/types\/post"}],"author":[{"embeddable":true,"href":"https:\/\/www.messinaoggi.it\/website\/wp-json\/wp\/v2\/users\/8"}],"replies":[{"embeddable":true,"href":"https:\/\/www.messinaoggi.it\/website\/wp-json\/wp\/v2\/comments?post=112426"}],"version-history":[{"count":2,"href":"https:\/\/www.messinaoggi.it\/website\/wp-json\/wp\/v2\/posts\/112426\/revisions"}],"predecessor-version":[{"id":112429,"href":"https:\/\/www.messinaoggi.it\/website\/wp-json\/wp\/v2\/posts\/112426\/revisions\/112429"}],"wp:featuredmedia":[{"embeddable":true,"href":"https:\/\/www.messinaoggi.it\/website\/wp-json\/wp\/v2\/media\/112427"}],"wp:attachment":[{"href":"https:\/\/www.messinaoggi.it\/website\/wp-json\/wp\/v2\/media?parent=112426"}],"wp:term":[{"taxonomy":"category","embeddable":true,"href":"https:\/\/www.messinaoggi.it\/website\/wp-json\/wp\/v2\/categories?post=112426"},{"taxonomy":"post_tag","embeddable":true,"href":"https:\/\/www.messinaoggi.it\/website\/wp-json\/wp\/v2\/tags?post=112426"}],"curies":[{"name":"wp","href":"https:\/\/api.w.org\/{rel}","templated":true}]}}