{"id":112408,"date":"2022-06-27T13:07:36","date_gmt":"2022-06-27T11:07:36","guid":{"rendered":"https:\/\/www.messinaoggi.it\/website\/2022\/06\/27\/un-podcast-racconta-la-storia-di-chiara-gualzetti\/"},"modified":"2022-06-27T13:07:36","modified_gmt":"2022-06-27T11:07:36","slug":"un-podcast-racconta-la-storia-di-chiara-gualzetti","status":"publish","type":"post","link":"https:\/\/www.messinaoggi.it\/website\/2022\/06\/27\/un-podcast-racconta-la-storia-di-chiara-gualzetti\/","title":{"rendered":"Un podcast racconta la storia di Chiara Gualzetti"},"content":{"rendered":"<div>ROMA (ITALPRESS) &#8211; &#8220;L&#8217;Arco di Chiara&#8221; \u00e8 il podcast che Radioimmaginaria, la radio degli adolescenti, ha prodotto per RaiPlay Sound per raccontare la storia di Chiara Gualzetti.<br \/>Chiara era una ragazzina di 15 anni, \u00e8 stata uccisa il 27 Giugno 2021 da un suo coetaneo in provincia di Bologna. Il ragazzo alla fine di un interrogatorio estenuante ha confessato il delitto spiegando di averla uccisa perch\u00e8 &#8220;spinto da una forza demoniaca&#8221;.<br \/>Il 12 aprile 2022 \u00e8 iniziato il processo presso il tribunale per i minorenni dell&#8217;Emilia-Romagna. La difesa dell&#8217;imputato ha chiesto il rito abbreviato condizionato a una nuova perizia psichiatrica.<br \/>&#8220;Il nostro obiettivo non \u00e8 quello di cercare nuovi indizi -sostengono gli speaker di Radioimmaginaria &#8211; ma di raccontare i pericoli che si nascondono in una certa finta normalit\u00e0 che tutti i giorni noi adolescenti viviamo dentro e fuori dai social&#8221;.<br \/>A condurre il podcast sono Marco, Sassa e Libera, tre speaker di Radioimmaginaria accomunati dalla passione per la radio che nel corso degli ultimi quattro mesi, parlando quotidianamente con genitori, amici ed esperti, si sono immedesimati in questa storia tanto da capire che al posto di Chiara sarebbe potuto esserci qualunque ragazza o ragazzo.<br \/>&#8220;Questa iniziativa per noi \u00e8 importante perch\u00e8 \u00e8 un modo per ricordare nostra figlia &#8211; affermano Giusi e Vincenzo &#8211; e per mettere in guardia i ragazzi sui pericoli che ci possono essere intorno a loro&#8221;.<br \/>Il podcast \u00e8 articolato in 7 episodi della durata di circa 30 minuti ciascuno e da Luned\u00ec 27 Giugno sono disponibili sulla piattaforma di RaiPlay Sound: https:\/\/www.raiplaysound.it\/programmi\/larcodichiara.<div id=\"div-gpt-ad-Messinaoggi.it-DSK-300x250-corpoart\" style=\"text-align:center;margin:0 auto;\"><\/div><\/p>\n<p>&#8211; foto ufficio stampa Radioimmaginaria &#8211;<div id=\"videoincontent\" style=\"clear:both\";><\/div><\/p>\n<p>(ITALPRESS).<\/p><\/div>\n","protected":false},"excerpt":{"rendered":"<p>ROMA (ITALPRESS) &#8211; &#8220;L&#8217;Arco di Chiara&#8221; \u00e8 il podcast che Radioimmaginaria, la radio degli adolescenti, ha prodotto per RaiPlay Sound per raccontare la storia di Chiara Gualzetti.Chiara era una ragazzina di 15 anni, \u00e8 stata uccisa il 27 Giugno 2021 da un suo coetaneo in provincia di Bologna. Il ragazzo alla fine di un interrogatorio [&hellip;]<\/p>\n","protected":false},"author":18,"featured_media":112409,"comment_status":"closed","ping_status":"closed","sticky":false,"template":"","format":"standard","meta":{"ub_ctt_via":"","_mi_skip_tracking":false},"categories":[446],"tags":[783],"featured_image_src":"https:\/\/www.messinaoggi.it\/website\/wp-content\/uploads\/2022\/06\/20220627_0581.jpg","author_info":{"display_name":"Admin","author_link":"https:\/\/www.messinaoggi.it\/website\/author\/admin\/"},"digistream_id":0,"digistream":false,"_links":{"self":[{"href":"https:\/\/www.messinaoggi.it\/website\/wp-json\/wp\/v2\/posts\/112408"}],"collection":[{"href":"https:\/\/www.messinaoggi.it\/website\/wp-json\/wp\/v2\/posts"}],"about":[{"href":"https:\/\/www.messinaoggi.it\/website\/wp-json\/wp\/v2\/types\/post"}],"author":[{"embeddable":true,"href":"https:\/\/www.messinaoggi.it\/website\/wp-json\/wp\/v2\/users\/18"}],"replies":[{"embeddable":true,"href":"https:\/\/www.messinaoggi.it\/website\/wp-json\/wp\/v2\/comments?post=112408"}],"version-history":[{"count":0,"href":"https:\/\/www.messinaoggi.it\/website\/wp-json\/wp\/v2\/posts\/112408\/revisions"}],"wp:featuredmedia":[{"embeddable":true,"href":"https:\/\/www.messinaoggi.it\/website\/wp-json\/wp\/v2\/media\/112409"}],"wp:attachment":[{"href":"https:\/\/www.messinaoggi.it\/website\/wp-json\/wp\/v2\/media?parent=112408"}],"wp:term":[{"taxonomy":"category","embeddable":true,"href":"https:\/\/www.messinaoggi.it\/website\/wp-json\/wp\/v2\/categories?post=112408"},{"taxonomy":"post_tag","embeddable":true,"href":"https:\/\/www.messinaoggi.it\/website\/wp-json\/wp\/v2\/tags?post=112408"}],"curies":[{"name":"wp","href":"https:\/\/api.w.org\/{rel}","templated":true}]}}