{"id":112406,"date":"2022-06-27T13:07:34","date_gmt":"2022-06-27T11:07:34","guid":{"rendered":"https:\/\/www.messinaoggi.it\/website\/2022\/06\/27\/bayer-italia-lancia-la-campagna-social-pridewithus\/"},"modified":"2022-06-27T13:07:34","modified_gmt":"2022-06-27T11:07:34","slug":"bayer-italia-lancia-la-campagna-social-pridewithus","status":"publish","type":"post","link":"https:\/\/www.messinaoggi.it\/website\/2022\/06\/27\/bayer-italia-lancia-la-campagna-social-pridewithus\/","title":{"rendered":"Bayer Italia lancia la campagna social #PrideWithUs"},"content":{"rendered":"<div>MILANO (ITALPRESS) &#8211; Chi c&#8217;\u00e8 stato lo sa: il Pride \u00e8 un&#8217;ondata travolgente di bandiere arcobaleno. Ma \u00e8 anche l&#8217;occasione per far sentire la propria voce e supportare le cause della comunit\u00e0 LGBT+.<br \/>Bayer Italia quest&#8217;anno con grande entusiasmo sar\u00e0 sponsor del Milano Pride 2022 per sostenere la comunit\u00e0 LGBT+ con una serie di iniziative che culmineranno con la Parata del 2 luglio, alla quale parteciper\u00e0 come #TeamBayer con una rappresentanza dell&#8217;azienda. <br \/>Un&#8217;occasione alla quale non tutti, per\u00f2, hanno la possibilit\u00e0 di partecipare. Sar\u00e0 il #TeamBayer a dare voce e visibilit\u00e0 a coloro che non partecipano alla Parata con la campagna social #PrideWithUs: un invito a chiunque voglia far sentire la propria voce a consegnare il proprio messaggio via social. <br \/>I messaggi pi\u00f9 significativi, inviati sui social di Bayer Italia tramite Direct Messages, saranno trasformati in cartelloni che il #TeamBayer porter\u00e0 alla Parata. Un modo per rendere partecipi tutti coloro che non sono fisicamente presenti al Pride, ma hanno qualcosa da dire, poich\u00e8 il Pride \u00e8 di tutti, anche di chi non c&#8217;\u00e8.<br \/>Bayer, impegnata nelle tematiche di Diversity &amp; Inclusion e da anni attiva nella promozione di attivit\u00e0 dedicate alla comunit\u00e0 LGBT+, persegue infatti l&#8217;obiettivo di favorire un mondo pi\u00f9 accogliente e inclusivo.<br \/>Per celebrare questa occasione, la Casa Madre ha inoltre disegnato una nuova versione del logo con i colori arcobaleno, simbolo del movimento LGBT+, che caratterizzer\u00e0 le magliette indossate dal Team Bayer nel corso dell&#8217;evento.<div id=\"div-gpt-ad-Messinaoggi.it-DSK-300x250-corpoart\" style=\"text-align:center;margin:0 auto;\"><\/div><\/p>\n<p>&#8211; foto ufficio stampa Bayer Italia &#8211;<div id=\"videoincontent\" style=\"clear:both\";><\/div><\/p>\n<p>(ITALPRESS).<\/p><\/div>\n","protected":false},"excerpt":{"rendered":"<p>MILANO (ITALPRESS) &#8211; Chi c&#8217;\u00e8 stato lo sa: il Pride \u00e8 un&#8217;ondata travolgente di bandiere arcobaleno. Ma \u00e8 anche l&#8217;occasione per far sentire la propria voce e supportare le cause della comunit\u00e0 LGBT+.Bayer Italia quest&#8217;anno con grande entusiasmo sar\u00e0 sponsor del Milano Pride 2022 per sostenere la comunit\u00e0 LGBT+ con una serie di iniziative che [&hellip;]<\/p>\n","protected":false},"author":18,"featured_media":112407,"comment_status":"closed","ping_status":"closed","sticky":false,"template":"","format":"standard","meta":{"ub_ctt_via":"","_mi_skip_tracking":false},"categories":[446],"tags":[783],"featured_image_src":"https:\/\/www.messinaoggi.it\/website\/wp-content\/uploads\/2022\/06\/20220627_0550.jpg","author_info":{"display_name":"Admin","author_link":"https:\/\/www.messinaoggi.it\/website\/author\/admin\/"},"digistream_id":0,"digistream":false,"_links":{"self":[{"href":"https:\/\/www.messinaoggi.it\/website\/wp-json\/wp\/v2\/posts\/112406"}],"collection":[{"href":"https:\/\/www.messinaoggi.it\/website\/wp-json\/wp\/v2\/posts"}],"about":[{"href":"https:\/\/www.messinaoggi.it\/website\/wp-json\/wp\/v2\/types\/post"}],"author":[{"embeddable":true,"href":"https:\/\/www.messinaoggi.it\/website\/wp-json\/wp\/v2\/users\/18"}],"replies":[{"embeddable":true,"href":"https:\/\/www.messinaoggi.it\/website\/wp-json\/wp\/v2\/comments?post=112406"}],"version-history":[{"count":0,"href":"https:\/\/www.messinaoggi.it\/website\/wp-json\/wp\/v2\/posts\/112406\/revisions"}],"wp:featuredmedia":[{"embeddable":true,"href":"https:\/\/www.messinaoggi.it\/website\/wp-json\/wp\/v2\/media\/112407"}],"wp:attachment":[{"href":"https:\/\/www.messinaoggi.it\/website\/wp-json\/wp\/v2\/media?parent=112406"}],"wp:term":[{"taxonomy":"category","embeddable":true,"href":"https:\/\/www.messinaoggi.it\/website\/wp-json\/wp\/v2\/categories?post=112406"},{"taxonomy":"post_tag","embeddable":true,"href":"https:\/\/www.messinaoggi.it\/website\/wp-json\/wp\/v2\/tags?post=112406"}],"curies":[{"name":"wp","href":"https:\/\/api.w.org\/{rel}","templated":true}]}}