{"id":112401,"date":"2022-06-27T12:07:36","date_gmt":"2022-06-27T10:07:36","guid":{"rendered":"https:\/\/www.messinaoggi.it\/website\/2022\/06\/27\/mattarella-strage-di-ustica-ferita-profonda-nella-coscienza-del-paese\/"},"modified":"2022-06-27T12:07:36","modified_gmt":"2022-06-27T10:07:36","slug":"mattarella-strage-di-ustica-ferita-profonda-nella-coscienza-del-paese","status":"publish","type":"post","link":"https:\/\/www.messinaoggi.it\/website\/2022\/06\/27\/mattarella-strage-di-ustica-ferita-profonda-nella-coscienza-del-paese\/","title":{"rendered":"Mattarella \u201cStrage di Ustica ferita profonda nella coscienza del Paese\u201d"},"content":{"rendered":"<div>ROMA (ITALPRESS) &#8211; &#8220;Sono trascorsi 42 anni dal tragico giorno in cui, nel cielo di Ustica, si comp\u00ec una strage che recise un numero spaventoso di vite umane e impresse una ferita profonda nella coscienza del Paese. Desidero anzitutto rinnovare sentimenti di vicinanza e solidariet\u00e0 a chi ha perso i propri cari ed \u00e8 stato costretto a convivere con questo dolore. Nella storia del Paese, la memoria delle sofferenze \u00e8 stata tenuta viva anche grazie all&#8217;impegno civile dei familiari e cos\u00ec \u00e8 per Ustica. La loro sofferenza \u00e8 divenuta patrimonio comune, mentre \u00e8 responsabilit\u00e0 della Repubblica custodire la memoria delle tragedie che hanno caratterizzato il percorso della storia italiana per scongiurare che possano ripetersi. La solidariet\u00e0 della comunit\u00e0 politica del Paese si raccoglie oggi intorno alle vittime e ai loro familiari, per l&#8217;affermazione di quella unit\u00e0 di popolo che l&#8217;Italia sa esprimere nei momenti pi\u00f9 drammatici, a difesa dei valori che ispirano la nostra collettivit\u00e0&#8221;. Cos\u00ec il presidente della Repubblica, Sergio Mattarella.<br \/>(ITALPRESS).<br \/>-foto ufficio stampa Quirinale-<\/div>\n<div id=\"div-gpt-ad-Messinaoggi.it-DSK-300x250-corpoart\" style=\"text-align:center;margin:0 auto;\"><\/div><\/p><div id=\"videoincontent\" style=\"clear:both\";><\/div>","protected":false},"excerpt":{"rendered":"<p>ROMA (ITALPRESS) &#8211; &#8220;Sono trascorsi 42 anni dal tragico giorno in cui, nel cielo di Ustica, si comp\u00ec una strage che recise un numero spaventoso di vite umane e impresse una ferita profonda nella coscienza del Paese. Desidero anzitutto rinnovare sentimenti di vicinanza e solidariet\u00e0 a chi ha perso i propri cari ed \u00e8 stato [&hellip;]<\/p>\n","protected":false},"author":18,"featured_media":112402,"comment_status":"closed","ping_status":"closed","sticky":false,"template":"","format":"standard","meta":{"ub_ctt_via":"","_mi_skip_tracking":false},"categories":[446],"tags":[783],"featured_image_src":"https:\/\/www.messinaoggi.it\/website\/wp-content\/uploads\/2022\/06\/20220627_0396.jpg","author_info":{"display_name":"Admin","author_link":"https:\/\/www.messinaoggi.it\/website\/author\/admin\/"},"digistream_id":0,"digistream":false,"_links":{"self":[{"href":"https:\/\/www.messinaoggi.it\/website\/wp-json\/wp\/v2\/posts\/112401"}],"collection":[{"href":"https:\/\/www.messinaoggi.it\/website\/wp-json\/wp\/v2\/posts"}],"about":[{"href":"https:\/\/www.messinaoggi.it\/website\/wp-json\/wp\/v2\/types\/post"}],"author":[{"embeddable":true,"href":"https:\/\/www.messinaoggi.it\/website\/wp-json\/wp\/v2\/users\/18"}],"replies":[{"embeddable":true,"href":"https:\/\/www.messinaoggi.it\/website\/wp-json\/wp\/v2\/comments?post=112401"}],"version-history":[{"count":0,"href":"https:\/\/www.messinaoggi.it\/website\/wp-json\/wp\/v2\/posts\/112401\/revisions"}],"wp:featuredmedia":[{"embeddable":true,"href":"https:\/\/www.messinaoggi.it\/website\/wp-json\/wp\/v2\/media\/112402"}],"wp:attachment":[{"href":"https:\/\/www.messinaoggi.it\/website\/wp-json\/wp\/v2\/media?parent=112401"}],"wp:term":[{"taxonomy":"category","embeddable":true,"href":"https:\/\/www.messinaoggi.it\/website\/wp-json\/wp\/v2\/categories?post=112401"},{"taxonomy":"post_tag","embeddable":true,"href":"https:\/\/www.messinaoggi.it\/website\/wp-json\/wp\/v2\/tags?post=112401"}],"curies":[{"name":"wp","href":"https:\/\/api.w.org\/{rel}","templated":true}]}}