{"id":112397,"date":"2022-06-27T12:07:33","date_gmt":"2022-06-27T10:07:33","guid":{"rendered":"https:\/\/www.messinaoggi.it\/website\/2022\/06\/27\/gravina-nel-calcio-serve-una-vera-rivoluzione-culturale\/"},"modified":"2022-06-27T12:07:33","modified_gmt":"2022-06-27T10:07:33","slug":"gravina-nel-calcio-serve-una-vera-rivoluzione-culturale","status":"publish","type":"post","link":"https:\/\/www.messinaoggi.it\/website\/2022\/06\/27\/gravina-nel-calcio-serve-una-vera-rivoluzione-culturale\/","title":{"rendered":"Gravina \u201cNel calcio serve una vera rivoluzione culturale\u201d"},"content":{"rendered":"<div>ROMA (ITALPRESS) &#8211; &#8220;Le cose da fare sono tante ma il minimo comun denominatore deve essere un progetto che implichi una vera rivoluzione culturale. Serve un diverso approccio nell&#8217;affrontare le criticit\u00e0 per ottenere la necessaria credibilit\u00e0 nell&#8217;ambito del sistema politico ed economico&#8221;. Cos\u00ec, dalle colonne de &#8220;La Gazzetta dello Sport&#8221;, il presidente della Figc, Gabriele Gravina, a proposito del sistema calcio in Italia.<br \/>&#8220;Per anni e anni la percezione esterna del governo del calcio, delle sue componenti e dei suoi massimi dirigenti \u00e8 stata quella di un mondo dove abbondano parole, parole, parole e pochi fatti: \u00e8 il momento di dimostrare di saper fare davvero sul serio. Questa voglia di cambiamento non \u00e8 solo personale ma una necessit\u00e0 impellente per rendere il sistema calcio sostenibile, moderno, attrattivo e competitivo&#8221;, ha aggiunto il numero uno della Federcalcio.<br \/>&#8220;Sembra un progetto condivisibile da tutti? Invece rappresenta, purtroppo, uno dei maggiori motivi di contrasto tra la Figc e quei presidenti di club che hanno una visione conservativa, perch\u00e8 temono di vedere ridotto il peso del proprio ruolo e i propri interessi economici. Dobbiamo debellare questi dannosi micro centri di potere che bloccano il calcio italiano&#8221;, ha continuato Gravina.<br \/>&#8220;Siamo impegnati in un&#8217;opera di evoluzione positiva del sistema e non intendiamo fermarci davanti a niente e nessuno. Il punto di partenza \u00e8 prendere coscienza del forte indebitamento e intervenire: non pi\u00f9 in modo estemporaneo per risolvere singoli problemi, magari trovando le solite scorciatoie, ma in modo ampio, profondo, sistemico e strutturale. Quando piccole sfumature, come quelle sull&#8217;indice di liquidit\u00e0, portano a cos\u00ec forti forme di contrasto, si capisce chiaramente che non c&#8217;\u00e8 voglia di cambiare&#8221;, ha concluso il presidente della Figc.<br \/>&#8211; foto LivePhotoSport &#8211;<br \/>(ITALPRESS).<\/div>\n<div id=\"div-gpt-ad-Messinaoggi.it-DSK-300x250-corpoart\" style=\"text-align:center;margin:0 auto;\"><\/div><\/p><div id=\"videoincontent\" style=\"clear:both\";><\/div>","protected":false},"excerpt":{"rendered":"<p>ROMA (ITALPRESS) &#8211; &#8220;Le cose da fare sono tante ma il minimo comun denominatore deve essere un progetto che implichi una vera rivoluzione culturale. Serve un diverso approccio nell&#8217;affrontare le criticit\u00e0 per ottenere la necessaria credibilit\u00e0 nell&#8217;ambito del sistema politico ed economico&#8221;. Cos\u00ec, dalle colonne de &#8220;La Gazzetta dello Sport&#8221;, il presidente della Figc, Gabriele [&hellip;]<\/p>\n","protected":false},"author":18,"featured_media":112398,"comment_status":"closed","ping_status":"closed","sticky":false,"template":"","format":"standard","meta":{"ub_ctt_via":"","_mi_skip_tracking":false},"categories":[446],"tags":[783],"featured_image_src":"https:\/\/www.messinaoggi.it\/website\/wp-content\/uploads\/2022\/06\/20220627_0390.jpg","author_info":{"display_name":"Admin","author_link":"https:\/\/www.messinaoggi.it\/website\/author\/admin\/"},"digistream_id":0,"digistream":false,"_links":{"self":[{"href":"https:\/\/www.messinaoggi.it\/website\/wp-json\/wp\/v2\/posts\/112397"}],"collection":[{"href":"https:\/\/www.messinaoggi.it\/website\/wp-json\/wp\/v2\/posts"}],"about":[{"href":"https:\/\/www.messinaoggi.it\/website\/wp-json\/wp\/v2\/types\/post"}],"author":[{"embeddable":true,"href":"https:\/\/www.messinaoggi.it\/website\/wp-json\/wp\/v2\/users\/18"}],"replies":[{"embeddable":true,"href":"https:\/\/www.messinaoggi.it\/website\/wp-json\/wp\/v2\/comments?post=112397"}],"version-history":[{"count":0,"href":"https:\/\/www.messinaoggi.it\/website\/wp-json\/wp\/v2\/posts\/112397\/revisions"}],"wp:featuredmedia":[{"embeddable":true,"href":"https:\/\/www.messinaoggi.it\/website\/wp-json\/wp\/v2\/media\/112398"}],"wp:attachment":[{"href":"https:\/\/www.messinaoggi.it\/website\/wp-json\/wp\/v2\/media?parent=112397"}],"wp:term":[{"taxonomy":"category","embeddable":true,"href":"https:\/\/www.messinaoggi.it\/website\/wp-json\/wp\/v2\/categories?post=112397"},{"taxonomy":"post_tag","embeddable":true,"href":"https:\/\/www.messinaoggi.it\/website\/wp-json\/wp\/v2\/tags?post=112397"}],"curies":[{"name":"wp","href":"https:\/\/api.w.org\/{rel}","templated":true}]}}