{"id":112385,"date":"2022-06-27T11:07:41","date_gmt":"2022-06-27T09:07:41","guid":{"rendered":"https:\/\/www.messinaoggi.it\/website\/2022\/06\/27\/paltrinieri-argento-iridato-nei-5-chilometri\/"},"modified":"2022-06-27T11:07:41","modified_gmt":"2022-06-27T09:07:41","slug":"paltrinieri-argento-iridato-nei-5-chilometri","status":"publish","type":"post","link":"https:\/\/www.messinaoggi.it\/website\/2022\/06\/27\/paltrinieri-argento-iridato-nei-5-chilometri\/","title":{"rendered":"Paltrinieri argento iridato nei 5 chilometri"},"content":{"rendered":"<div>BUDAPEST (UNGHERIA) (ITALPRESS) &#8211; Ecco l&#8217;argento della consacrazione. Gregorio Paltrinieri, dopo il bronzo nella staffetta 4&#215;1,5 km di ieri, sale di un gradino nel podio nella 5 chilometri iridata, sul Lupa Lake, in Ungheria, lasciando spazio solo all&#8217;olimpionico tedesco Florian Wellbrock, che si impone per la prima volta nella distanza iridata, chiudendo in 52&#8243;48. Il ventisettenne emiliano, Coopernuoto &#8211; Fiamme Oro, campione del mondo dei 1500 stile libero domenica, nonch\u00e8 bronzo olimpico nella 10 chilometri e mai a medaglia individuale iridata, fa una gara in scia del tedesco e chiude in 52&#8243;52, a +3&#8243;9 da Wellbrock. Completa il podio l&#8217;ucraino vicecampione olimpico dei 1500 stile libero Mychailo Romanchuk, per la prima volta in una gara di fondo, che arriva terzo, staccato di 25&#8243;1 dal vincitore e compagno di allenamenti. Quarto, dopo una gara tutta sacrificio e sofferenza, l&#8217;altro azzurro Domenico Acerenza (Circolo Canottieri Napoli), in 53&#8217;13&#8243;9.<br \/>&#8220;Florian ha dimostrato di essere pi\u00f9 forte. Con lui \u00e8 sempre difficile. Ho provato pi\u00f9 volte a superarlo ma non \u00e8 stato possibile. Ci ho provato: mi sono spostato a destra e a sinistra ma lui scattava sempre in avanti. Peccato: adesso riposiamo, poi ci riproviamo nella 10 chilometri&#8221;, ha affermato a fine gara, ai microfoni di RaiSport, Paltrinieri.<br \/>&#8211; foto LivePhotoSport &#8211;<br \/>(ITALPRESS).<\/div>\n<div id=\"div-gpt-ad-Messinaoggi.it-DSK-300x250-corpoart\" style=\"text-align:center;margin:0 auto;\"><\/div><\/p><div id=\"videoincontent\" style=\"clear:both\";><\/div>","protected":false},"excerpt":{"rendered":"<p>BUDAPEST (UNGHERIA) (ITALPRESS) &#8211; Ecco l&#8217;argento della consacrazione. Gregorio Paltrinieri, dopo il bronzo nella staffetta 4&#215;1,5 km di ieri, sale di un gradino nel podio nella 5 chilometri iridata, sul Lupa Lake, in Ungheria, lasciando spazio solo all&#8217;olimpionico tedesco Florian Wellbrock, che si impone per la prima volta nella distanza iridata, chiudendo in 52&#8243;48. Il [&hellip;]<\/p>\n","protected":false},"author":18,"featured_media":112386,"comment_status":"closed","ping_status":"closed","sticky":false,"template":"","format":"standard","meta":{"ub_ctt_via":"","_mi_skip_tracking":false},"categories":[446],"tags":[783],"featured_image_src":"https:\/\/www.messinaoggi.it\/website\/wp-content\/uploads\/2022\/06\/20220627_0302.jpg","author_info":{"display_name":"Admin","author_link":"https:\/\/www.messinaoggi.it\/website\/author\/admin\/"},"digistream_id":0,"digistream":false,"_links":{"self":[{"href":"https:\/\/www.messinaoggi.it\/website\/wp-json\/wp\/v2\/posts\/112385"}],"collection":[{"href":"https:\/\/www.messinaoggi.it\/website\/wp-json\/wp\/v2\/posts"}],"about":[{"href":"https:\/\/www.messinaoggi.it\/website\/wp-json\/wp\/v2\/types\/post"}],"author":[{"embeddable":true,"href":"https:\/\/www.messinaoggi.it\/website\/wp-json\/wp\/v2\/users\/18"}],"replies":[{"embeddable":true,"href":"https:\/\/www.messinaoggi.it\/website\/wp-json\/wp\/v2\/comments?post=112385"}],"version-history":[{"count":0,"href":"https:\/\/www.messinaoggi.it\/website\/wp-json\/wp\/v2\/posts\/112385\/revisions"}],"wp:featuredmedia":[{"embeddable":true,"href":"https:\/\/www.messinaoggi.it\/website\/wp-json\/wp\/v2\/media\/112386"}],"wp:attachment":[{"href":"https:\/\/www.messinaoggi.it\/website\/wp-json\/wp\/v2\/media?parent=112385"}],"wp:term":[{"taxonomy":"category","embeddable":true,"href":"https:\/\/www.messinaoggi.it\/website\/wp-json\/wp\/v2\/categories?post=112385"},{"taxonomy":"post_tag","embeddable":true,"href":"https:\/\/www.messinaoggi.it\/website\/wp-json\/wp\/v2\/tags?post=112385"}],"curies":[{"name":"wp","href":"https:\/\/api.w.org\/{rel}","templated":true}]}}