{"id":112330,"date":"2022-06-27T00:07:35","date_gmt":"2022-06-26T22:07:35","guid":{"rendered":"https:\/\/www.messinaoggi.it\/website\/2022\/06\/26\/ipf-sileri-ho-seguito-di-maio-senza-indugi-ora-torno-a-ricerca\/"},"modified":"2022-06-27T09:32:13","modified_gmt":"2022-06-27T07:32:13","slug":"ipf-sileri-ho-seguito-di-maio-senza-indugi-ora-torno-a-ricerca","status":"publish","type":"post","link":"https:\/\/www.messinaoggi.it\/website\/2022\/06\/27\/ipf-sileri-ho-seguito-di-maio-senza-indugi-ora-torno-a-ricerca\/","title":{"rendered":"Ipf, Sileri \u201cHo seguito Di Maio senza indugi. Ora torno a ricerca\u201d"},"content":{"rendered":"<div>ROMA (ITALPRESS) &#8211; &#8220;La politica \u00e8 bellissima, ma il mio amore \u00e8 la ricerca. Nel 2023 torner\u00f2 alla mia professione: la medicina&#8221;. Lo dice, in un&#8217;intervista al Corriere della Sera, il sottosegretario alla Salute Pierpaolo Sileri. &#8220;Il M5S si \u00e8 accorto di me &#8211; aggiunge &#8211; perch\u00e8 avevo fatto una battaglia sulla trasparenza nei concorsi universitari. E di conseguenza mi \u00e8 stato proposto un collegio, a Roma Nord&#8221;. &#8220;Ho imparato tanto in questi anni, posso dire che \u00e8 stata una esperienza bella. Le crisi di governo non le ho mai vissute soffrendo. Sapevo fin dall&#8217;inizio che sarebbe stato un mandato a tempo. La mia vita \u00e8 la medicina&#8221;. Come ha vissuto la scissione di Luigi Di Maio &#8220;Ovviamente \u00e8 stata dolorosa ma io non ho avuto perplessit\u00e0 e ho aderito a Insieme per il futuro&#8221;. Conte ha cercato di dissuaderla? &#8220;Io e Giuseppe abbiamo parlato in maniera cordiale, come abbiamo sempre fatto&#8221;. Prima di aderire al nuovo gruppo ha avuto colloqui con Di Maio? &#8220;Io e Luigi parliamo sempre. Non c&#8217;\u00e8 stata alcuna pressione da parte sua. La mia \u00e8 stata una scelta naturale: governista e atlantista. Draghi ha un&#8217;autorevolezza che d\u00e0 lustro all&#8217;Italia&#8221;. &#8220;Torner\u00f2 al mio lavoro, ai turni in ospedale, alla ricerca, alle lezioni in universit\u00e0. Ho vinto un concorso del 2016 al San Raffaele. Poi certo, da italiano sono sempre stato e rimarr\u00f2 sempre un servitore delle istituzioni&#8230;&#8221;.<br \/>(ITALPRESS).<div id=\"div-gpt-ad-Messinaoggi.it-DSK-300x250-corpoart\" style=\"text-align:center;margin:0 auto;\"><\/div><\/p>\n<p>&#8211; credit photo agenziafotogramma.it &#8211;<div id=\"videoincontent\" style=\"clear:both\";><\/div><\/p><\/div>\n","protected":false},"excerpt":{"rendered":"<p>ROMA (ITALPRESS) &#8211; &#8220;La politica \u00e8 bellissima, ma il mio amore \u00e8 la ricerca. Nel 2023 torner\u00f2 alla mia professione: la medicina&#8221;. Lo dice, in un&#8217;intervista al Corriere della Sera, il sottosegretario alla Salute Pierpaolo Sileri. &#8220;Il M5S si \u00e8 accorto di me &#8211; aggiunge &#8211; perch\u00e8 avevo fatto una battaglia sulla trasparenza nei concorsi [&hellip;]<\/p>\n","protected":false},"author":18,"featured_media":112331,"comment_status":"closed","ping_status":"closed","sticky":false,"template":"","format":"standard","meta":{"ub_ctt_via":"","_mi_skip_tracking":false},"categories":[446,4],"tags":[783],"featured_image_src":"https:\/\/www.messinaoggi.it\/website\/wp-content\/uploads\/2022\/06\/20220626_0077.jpg","author_info":{"display_name":"Admin","author_link":"https:\/\/www.messinaoggi.it\/website\/author\/admin\/"},"digistream_id":0,"digistream":false,"_links":{"self":[{"href":"https:\/\/www.messinaoggi.it\/website\/wp-json\/wp\/v2\/posts\/112330"}],"collection":[{"href":"https:\/\/www.messinaoggi.it\/website\/wp-json\/wp\/v2\/posts"}],"about":[{"href":"https:\/\/www.messinaoggi.it\/website\/wp-json\/wp\/v2\/types\/post"}],"author":[{"embeddable":true,"href":"https:\/\/www.messinaoggi.it\/website\/wp-json\/wp\/v2\/users\/18"}],"replies":[{"embeddable":true,"href":"https:\/\/www.messinaoggi.it\/website\/wp-json\/wp\/v2\/comments?post=112330"}],"version-history":[{"count":1,"href":"https:\/\/www.messinaoggi.it\/website\/wp-json\/wp\/v2\/posts\/112330\/revisions"}],"predecessor-version":[{"id":112377,"href":"https:\/\/www.messinaoggi.it\/website\/wp-json\/wp\/v2\/posts\/112330\/revisions\/112377"}],"wp:featuredmedia":[{"embeddable":true,"href":"https:\/\/www.messinaoggi.it\/website\/wp-json\/wp\/v2\/media\/112331"}],"wp:attachment":[{"href":"https:\/\/www.messinaoggi.it\/website\/wp-json\/wp\/v2\/media?parent=112330"}],"wp:term":[{"taxonomy":"category","embeddable":true,"href":"https:\/\/www.messinaoggi.it\/website\/wp-json\/wp\/v2\/categories?post=112330"},{"taxonomy":"post_tag","embeddable":true,"href":"https:\/\/www.messinaoggi.it\/website\/wp-json\/wp\/v2\/tags?post=112330"}],"curies":[{"name":"wp","href":"https:\/\/api.w.org\/{rel}","templated":true}]}}