{"id":112280,"date":"2022-06-25T14:07:42","date_gmt":"2022-06-25T12:07:42","guid":{"rendered":"https:\/\/www.messinaoggi.it\/website\/2022\/06\/25\/di-maio-non-ho-fondato-un-partito-personale\/"},"modified":"2022-06-25T14:07:42","modified_gmt":"2022-06-25T12:07:42","slug":"di-maio-non-ho-fondato-un-partito-personale","status":"publish","type":"post","link":"https:\/\/www.messinaoggi.it\/website\/2022\/06\/25\/di-maio-non-ho-fondato-un-partito-personale\/","title":{"rendered":"Di Maio \u201cNon ho fondato un partito personale\u201d"},"content":{"rendered":"<div>NAPOLI (ITALPRESS) &#8211; &#8220;Io non ho voluto fondare un partito personale, ma stiamo promuovendo una costituente dei territori. Nulla pu\u00f2 nascere all&#8217;interno delle istituzioni, ma deve nascere sui territori. Noi dobbiamo continuare ad ispirarci ai nostri sindaci di tutta Italia, che ogni mattina si rimboccano le maniche e senza fare polemiche cercano di risolvere problemi concreti. Questo \u00e8 il motivo perch\u00e8 \u00e8 nato Insieme per il futuro&#8221;. Lo ha detto il ministro degli Esteri, Luigi Di Maio, a margine di un convegno a Napoli. &#8220;Questo \u00e8 il cammino che stiamo promuovendo &#8211; ha aggiunto il ministro &#8211; tutti coloro che vorranno aggiungersi saranno i benvenuti, partendo da chi amministra i territori. Se guardiamo a loro forse riusciamo a risolvere problemi enormi come l&#8217;aumento del costo dell&#8217;energia&#8221;. &#8220;Stanno arrivando tanti segnali dai territori &#8211; ha aggiunto Di Maio &#8211; io nei prossimi giorni sar\u00e0 impegnato ad incontrare tanti sindaci, tanti consiglieri regionali e comunali in tutta Italia perch\u00e8 tutte queste persone in questo momento storico voglio collaborare ad un progetto concreto teso a risolvere i problemi del territorio. &#8216;Insieme per il futur\u00f2 vuole essere anche un foro di riferimento per gli amministratori italiani, per i sindaci, ma anche altri tipi di amministratori, che hanno problemi da risolvere per il territorio. In tanti ci stanno contattando&#8221;. <br \/>(ITALPRESS).<\/div>\n<div id=\"div-gpt-ad-Messinaoggi.it-DSK-300x250-corpoart\" style=\"text-align:center;margin:0 auto;\"><\/div><\/p><div id=\"videoincontent\" style=\"clear:both\";><\/div>","protected":false},"excerpt":{"rendered":"<p>NAPOLI (ITALPRESS) &#8211; &#8220;Io non ho voluto fondare un partito personale, ma stiamo promuovendo una costituente dei territori. Nulla pu\u00f2 nascere all&#8217;interno delle istituzioni, ma deve nascere sui territori. Noi dobbiamo continuare ad ispirarci ai nostri sindaci di tutta Italia, che ogni mattina si rimboccano le maniche e senza fare polemiche cercano di risolvere problemi [&hellip;]<\/p>\n","protected":false},"author":18,"featured_media":112281,"comment_status":"closed","ping_status":"closed","sticky":false,"template":"","format":"standard","meta":{"ub_ctt_via":"","_mi_skip_tracking":false},"categories":[446],"tags":[783],"featured_image_src":"https:\/\/www.messinaoggi.it\/website\/wp-content\/uploads\/2022\/06\/20220625_1004.jpg","author_info":{"display_name":"Admin","author_link":"https:\/\/www.messinaoggi.it\/website\/author\/admin\/"},"digistream_id":0,"digistream":false,"_links":{"self":[{"href":"https:\/\/www.messinaoggi.it\/website\/wp-json\/wp\/v2\/posts\/112280"}],"collection":[{"href":"https:\/\/www.messinaoggi.it\/website\/wp-json\/wp\/v2\/posts"}],"about":[{"href":"https:\/\/www.messinaoggi.it\/website\/wp-json\/wp\/v2\/types\/post"}],"author":[{"embeddable":true,"href":"https:\/\/www.messinaoggi.it\/website\/wp-json\/wp\/v2\/users\/18"}],"replies":[{"embeddable":true,"href":"https:\/\/www.messinaoggi.it\/website\/wp-json\/wp\/v2\/comments?post=112280"}],"version-history":[{"count":0,"href":"https:\/\/www.messinaoggi.it\/website\/wp-json\/wp\/v2\/posts\/112280\/revisions"}],"wp:featuredmedia":[{"embeddable":true,"href":"https:\/\/www.messinaoggi.it\/website\/wp-json\/wp\/v2\/media\/112281"}],"wp:attachment":[{"href":"https:\/\/www.messinaoggi.it\/website\/wp-json\/wp\/v2\/media?parent=112280"}],"wp:term":[{"taxonomy":"category","embeddable":true,"href":"https:\/\/www.messinaoggi.it\/website\/wp-json\/wp\/v2\/categories?post=112280"},{"taxonomy":"post_tag","embeddable":true,"href":"https:\/\/www.messinaoggi.it\/website\/wp-json\/wp\/v2\/tags?post=112280"}],"curies":[{"name":"wp","href":"https:\/\/api.w.org\/{rel}","templated":true}]}}