{"id":112244,"date":"2022-06-25T09:07:36","date_gmt":"2022-06-25T07:07:36","guid":{"rendered":"https:\/\/www.messinaoggi.it\/website\/2022\/06\/25\/vaccinisperanza-campagna-riparte-in-autunno-positivi-stiano-a-casa\/"},"modified":"2022-06-25T09:07:36","modified_gmt":"2022-06-25T07:07:36","slug":"vaccinisperanza-campagna-riparte-in-autunno-positivi-stiano-a-casa","status":"publish","type":"post","link":"https:\/\/www.messinaoggi.it\/website\/2022\/06\/25\/vaccinisperanza-campagna-riparte-in-autunno-positivi-stiano-a-casa\/","title":{"rendered":"Vaccini:Speranza \u201cCampagna riparte in autunno, positivi stiano a casa\u201d"},"content":{"rendered":"<div>&#8220;Si \u00e8 gradualmente superato il grosso delle restrizioni e non sono all&#8217;ordine del giorno revisioni, la sfida ora \u00e8 puntare sulla responsabilit\u00e0 dei singoli, ma chi \u00e8 contagiato deve rimanere a casa: l&#8217;isolamento non si discute&#8221;. Lo dice il ministro della Salute, Roberto Speranza, intervistato oggi da Repubblica. &#8220;Le mascherina ad esempio in certi casi continuano a essere raccomandate. I pi\u00f9 fragili devono essere tutelati sempre, e la campagna di vaccinazione ripartir\u00e0 con i richiami autunnali, coinvolgendo il pi\u00f9 possibile i presidi territoriali &#8211; medici di famiglia e farmacie &#8211; e con la riapertura di alcuni grandi hub&#8221; aggiunge Speranza. (ITALPRESS).<div id=\"div-gpt-ad-Messinaoggi.it-DSK-300x250-corpoart\" style=\"text-align:center;margin:0 auto;\"><\/div><\/p>\n<p>Photo credits www.agenziafotogramma.it<\/div>\n<div id=\"videoincontent\" style=\"clear:both\";><\/div>","protected":false},"excerpt":{"rendered":"<p>&#8220;Si \u00e8 gradualmente superato il grosso delle restrizioni e non sono all&#8217;ordine del giorno revisioni, la sfida ora \u00e8 puntare sulla responsabilit\u00e0 dei singoli, ma chi \u00e8 contagiato deve rimanere a casa: l&#8217;isolamento non si discute&#8221;. Lo dice il ministro della Salute, Roberto Speranza, intervistato oggi da Repubblica. &#8220;Le mascherina ad esempio in certi casi [&hellip;]<\/p>\n","protected":false},"author":18,"featured_media":112245,"comment_status":"closed","ping_status":"closed","sticky":false,"template":"","format":"standard","meta":{"ub_ctt_via":"","_mi_skip_tracking":false},"categories":[446],"tags":[783],"featured_image_src":"https:\/\/www.messinaoggi.it\/website\/wp-content\/uploads\/2022\/06\/20220625_0072.jpg","author_info":{"display_name":"Admin","author_link":"https:\/\/www.messinaoggi.it\/website\/author\/admin\/"},"digistream_id":0,"digistream":false,"_links":{"self":[{"href":"https:\/\/www.messinaoggi.it\/website\/wp-json\/wp\/v2\/posts\/112244"}],"collection":[{"href":"https:\/\/www.messinaoggi.it\/website\/wp-json\/wp\/v2\/posts"}],"about":[{"href":"https:\/\/www.messinaoggi.it\/website\/wp-json\/wp\/v2\/types\/post"}],"author":[{"embeddable":true,"href":"https:\/\/www.messinaoggi.it\/website\/wp-json\/wp\/v2\/users\/18"}],"replies":[{"embeddable":true,"href":"https:\/\/www.messinaoggi.it\/website\/wp-json\/wp\/v2\/comments?post=112244"}],"version-history":[{"count":0,"href":"https:\/\/www.messinaoggi.it\/website\/wp-json\/wp\/v2\/posts\/112244\/revisions"}],"wp:featuredmedia":[{"embeddable":true,"href":"https:\/\/www.messinaoggi.it\/website\/wp-json\/wp\/v2\/media\/112245"}],"wp:attachment":[{"href":"https:\/\/www.messinaoggi.it\/website\/wp-json\/wp\/v2\/media?parent=112244"}],"wp:term":[{"taxonomy":"category","embeddable":true,"href":"https:\/\/www.messinaoggi.it\/website\/wp-json\/wp\/v2\/categories?post=112244"},{"taxonomy":"post_tag","embeddable":true,"href":"https:\/\/www.messinaoggi.it\/website\/wp-json\/wp\/v2\/tags?post=112244"}],"curies":[{"name":"wp","href":"https:\/\/api.w.org\/{rel}","templated":true}]}}