{"id":112227,"date":"2022-06-24T20:55:01","date_gmt":"2022-06-24T18:55:01","guid":{"rendered":"http:\/\/www.messinaoggi.it\/website\/?p=112227"},"modified":"2022-06-24T20:55:03","modified_gmt":"2022-06-24T18:55:03","slug":"calcio-a-5-pgs-luce-fabio-interdonato-confermato-sulla-panchina-dellunder-19","status":"publish","type":"post","link":"https:\/\/www.messinaoggi.it\/website\/2022\/06\/24\/calcio-a-5-pgs-luce-fabio-interdonato-confermato-sulla-panchina-dellunder-19\/","title":{"rendered":"CALCIO A 5 &#8211; Pgs Luce, Fabio Interdonato confermato sulla panchina dell&#8217;Under 19"},"content":{"rendered":"\n<p>La Pgs Luce Messina punta sempre pi\u00f9 sui giovani. Il club biancazzurro ha confermato Fabio Interdonato sulla panchina dell\u2019Under 19, che disputer\u00e0, per il secondo anno di fila, il prestigioso campionato nazionale di categoria.<div id=\"div-gpt-ad-Messinaoggi.it-DSK-300x250-corpoart\" style=\"text-align:center;margin:0 auto;\"><\/div><\/p>\n\n\n\n<p> Nella passata stagione, la formazione peloritana \u00e8 stata protagonista di un entusiasmante crescendo di prestazioni e risultati. Dopo un complicato girone d\u2019andata, nel quale si \u00e8 pagato lo scotto del noviziato, Cucinotta e compagni hanno pigiato il piede sull\u2019acceleratore nel ritorno, conquistando ben 20 punti.<div id=\"videoincontent\" style=\"clear:both\";><\/div><\/p>\n\n\n\n<figure class=\"wp-block-image size-large\"><img loading=\"lazy\" width=\"1024\" height=\"683\" src=\"https:\/\/www.messinaoggi.it\/website\/wp-content\/uploads\/2022\/06\/Il-tecnico-Fabio-Interdonato-con-Andrea-Cucinotta-PGS-LUCE-MESSINA-1024x683.jpg\" alt=\"\" class=\"wp-image-112229\" srcset=\"https:\/\/www.messinaoggi.it\/website\/wp-content\/uploads\/2022\/06\/Il-tecnico-Fabio-Interdonato-con-Andrea-Cucinotta-PGS-LUCE-MESSINA-1024x683.jpg 1024w, https:\/\/www.messinaoggi.it\/website\/wp-content\/uploads\/2022\/06\/Il-tecnico-Fabio-Interdonato-con-Andrea-Cucinotta-PGS-LUCE-MESSINA-300x200.jpg 300w, https:\/\/www.messinaoggi.it\/website\/wp-content\/uploads\/2022\/06\/Il-tecnico-Fabio-Interdonato-con-Andrea-Cucinotta-PGS-LUCE-MESSINA-768x512.jpg 768w, https:\/\/www.messinaoggi.it\/website\/wp-content\/uploads\/2022\/06\/Il-tecnico-Fabio-Interdonato-con-Andrea-Cucinotta-PGS-LUCE-MESSINA-1536x1024.jpg 1536w, https:\/\/www.messinaoggi.it\/website\/wp-content\/uploads\/2022\/06\/Il-tecnico-Fabio-Interdonato-con-Andrea-Cucinotta-PGS-LUCE-MESSINA.jpg 2048w\" sizes=\"(max-width: 1024px) 100vw, 1024px\" \/><figcaption><em><strong>Il tecnico dell&#8217;Under 19, Fabio Interdonato, con Andrea Cucinotta (PGS Luce Messina)<\/strong><\/em><\/figcaption><\/figure>\n\n\n\n<p><em>\u201cMi gratifica la fiducia della societ\u00e0 \u2013<\/em> dichiara Interdonato \u2013 <em>evidentemente il lavoro, iniziato la scorsa estate, \u00e8 stato ritenuto positivo. Adesso si riparte sapendo bene che vanno coinvolti altri ragazzi, vogliosi di emergere nel calcio a 5. Non \u00e8 un compito facile, ma cercher\u00f2 di fare sempre del mio meglio. Gi\u00e0 da inizio luglio, organizzeremo degli stage\u201d.<\/em> <\/p>\n\n\n\n<p>Svilupperai il programma in sinergia con il mister Sergio Carnazza. <em>\u201cPrima squadra e Under 19 fanno parte dello stesso progetto, per cui agir\u00f2 assieme a Sergio, poich\u00e9 l\u2019obiettivo della dirigenza \u00e8 proprio quello di fare crescere gli elementi del vivaio per inserirli nell\u2019organico dei \u201cgrandi\u201d. Ci attende un torneo, come abbiamo gi\u00e0 visto, competitivo e complicato, ma, nello stesso tempo, affascinante\u201d. <\/em><\/p>\n\n\n\n<figure class=\"wp-block-image size-large\"><img loading=\"lazy\" width=\"1024\" height=\"683\" src=\"https:\/\/www.messinaoggi.it\/website\/wp-content\/uploads\/2022\/06\/Il-tecnico-dellUnder-19-Fabio-Interdonato-PGS-LUCE-MESSINA-1024x683.jpg\" alt=\"\" class=\"wp-image-112230\" srcset=\"https:\/\/www.messinaoggi.it\/website\/wp-content\/uploads\/2022\/06\/Il-tecnico-dellUnder-19-Fabio-Interdonato-PGS-LUCE-MESSINA-1024x683.jpg 1024w, https:\/\/www.messinaoggi.it\/website\/wp-content\/uploads\/2022\/06\/Il-tecnico-dellUnder-19-Fabio-Interdonato-PGS-LUCE-MESSINA-300x200.jpg 300w, https:\/\/www.messinaoggi.it\/website\/wp-content\/uploads\/2022\/06\/Il-tecnico-dellUnder-19-Fabio-Interdonato-PGS-LUCE-MESSINA-768x512.jpg 768w, https:\/\/www.messinaoggi.it\/website\/wp-content\/uploads\/2022\/06\/Il-tecnico-dellUnder-19-Fabio-Interdonato-PGS-LUCE-MESSINA-1536x1024.jpg 1536w, https:\/\/www.messinaoggi.it\/website\/wp-content\/uploads\/2022\/06\/Il-tecnico-dellUnder-19-Fabio-Interdonato-PGS-LUCE-MESSINA.jpg 2048w\" sizes=\"(max-width: 1024px) 100vw, 1024px\" \/><figcaption><em><strong>Fabio Interdonato, tecnico della PGS Luce Under 19<\/strong><\/em><\/figcaption><\/figure>\n\n\n\n<p>La rinnovata palestra di Montepiselli quanto potr\u00e0 aiutarvi? <em>\u201cCredo molto, sia per fare avvicinare giocatori che come impianto dove disputare le partite interne. Non vediamo l\u2019ora che la struttura sia pronta per diventare la nostra \u201ccasa\u201d, dove gettare anche le basi per il futuro\u201d.<\/em>\u00a0\u00a0\u00a0\u00a0\u00a0\u00a0\u00a0\u00a0<\/p>\n","protected":false},"excerpt":{"rendered":"<p>La Pgs Luce Messina punta sempre pi\u00f9 sui giovani. Il club biancazzurro ha confermato Fabio Interdonato sulla panchina dell\u2019Under 19, che disputer\u00e0, per il secondo anno di fila, il prestigioso campionato nazionale di categoria. Nella passata stagione, la formazione peloritana \u00e8 stata protagonista di un entusiasmante crescendo di prestazioni e risultati. Dopo un complicato girone [&hellip;]<\/p>\n","protected":false},"author":17,"featured_media":112228,"comment_status":"open","ping_status":"open","sticky":false,"template":"","format":"standard","meta":{"ub_ctt_via":"","_mi_skip_tracking":false},"categories":[8,9],"tags":[4695,4694],"featured_image_src":"https:\/\/www.messinaoggi.it\/website\/wp-content\/uploads\/2022\/06\/Time-out-Under-19-PGS-LUCE-MESSINA.jpg","author_info":{"display_name":"Giuseppe Luppino","author_link":"https:\/\/www.messinaoggi.it\/website\/author\/g-luppino\/"},"digistream_id":0,"digistream":false,"_links":{"self":[{"href":"https:\/\/www.messinaoggi.it\/website\/wp-json\/wp\/v2\/posts\/112227"}],"collection":[{"href":"https:\/\/www.messinaoggi.it\/website\/wp-json\/wp\/v2\/posts"}],"about":[{"href":"https:\/\/www.messinaoggi.it\/website\/wp-json\/wp\/v2\/types\/post"}],"author":[{"embeddable":true,"href":"https:\/\/www.messinaoggi.it\/website\/wp-json\/wp\/v2\/users\/17"}],"replies":[{"embeddable":true,"href":"https:\/\/www.messinaoggi.it\/website\/wp-json\/wp\/v2\/comments?post=112227"}],"version-history":[{"count":2,"href":"https:\/\/www.messinaoggi.it\/website\/wp-json\/wp\/v2\/posts\/112227\/revisions"}],"predecessor-version":[{"id":112232,"href":"https:\/\/www.messinaoggi.it\/website\/wp-json\/wp\/v2\/posts\/112227\/revisions\/112232"}],"wp:featuredmedia":[{"embeddable":true,"href":"https:\/\/www.messinaoggi.it\/website\/wp-json\/wp\/v2\/media\/112228"}],"wp:attachment":[{"href":"https:\/\/www.messinaoggi.it\/website\/wp-json\/wp\/v2\/media?parent=112227"}],"wp:term":[{"taxonomy":"category","embeddable":true,"href":"https:\/\/www.messinaoggi.it\/website\/wp-json\/wp\/v2\/categories?post=112227"},{"taxonomy":"post_tag","embeddable":true,"href":"https:\/\/www.messinaoggi.it\/website\/wp-json\/wp\/v2\/tags?post=112227"}],"curies":[{"name":"wp","href":"https:\/\/api.w.org\/{rel}","templated":true}]}}