{"id":112205,"date":"2022-06-24T18:07:42","date_gmt":"2022-06-24T16:07:42","guid":{"rendered":"https:\/\/www.messinaoggi.it\/website\/2022\/06\/24\/draghi-ridotta-la-dipendenza-dal-gas-russo-ci-prepariamo-con-altri-fornitori\/"},"modified":"2022-06-24T18:07:42","modified_gmt":"2022-06-24T16:07:42","slug":"draghi-ridotta-la-dipendenza-dal-gas-russo-ci-prepariamo-con-altri-fornitori","status":"publish","type":"post","link":"https:\/\/www.messinaoggi.it\/website\/2022\/06\/24\/draghi-ridotta-la-dipendenza-dal-gas-russo-ci-prepariamo-con-altri-fornitori\/","title":{"rendered":"Draghi \u201cRidotta la dipendenza dal gas russo. Ci prepariamo con altri fornitori\u201d"},"content":{"rendered":"<div>BRUXELLES (ITALPRESS) &#8211; Il tema dell&#8217;energia al centro della conferenza stampa del premier Mario Draghi al termine della riunione a Bruxelles del Consiglio europeo. Sul tetto al prezzo del gas Draghi ha detto che &#8220;la posizione della Germania, ma anche dell&#8217;Olanda, \u00e8 cambiata progressivamente muovendosi nella nostra direzione. Oggi la maggiore obiezione che si fa al &#8216;price cup&#8217; \u00e8 la paura che la Russia in risposta tagli ancora di pi\u00f9 le forniture. Ma &#8211; ha notato il premier &#8211; siamo gi\u00e0 in una fase in cui le forniture sono state ridotte, in Germania arriva il 50 per cento di quello che arrivava prima&#8221;, tuttavia ha spiegato che &#8220;per ora non si \u00e8 deciso nessun Consiglio europeo straordinario su questo tema; se la situazione dovesse aggravarsi si vedr\u00e0&#8221;. &#8220;Ci stiamo preparando all&#8217;inverno &#8211; aggiunge &#8211; gli stoccaggi di gas stanno andando molto, bene. Se prima la dipendenza dell&#8217;Italia verso il gas russo era al 40 per cento, oggi \u00e8 al 25. Le misure messe in campo cominciano a dare risultati&#8221;. Draghi si \u00e8 detto ottimista di poter compensare il gas russo con altri fornitori &#8220;entro un anno un anno e mezzo&#8221;. Rispondendo alle domande dei giornalisti il premier ha assicurato che durante l&#8217;autunno e l&#8217;inverno prossimi &#8220;non ci sar\u00e0 un&#8217;emergenza energetica: tutte le previsioni &#8211; ha detto &#8211; danno un quadro rassicurante grazie alla ricerca di altri fornitori. Siamo in una buona posizione&#8221;. &#8220;La Commissione europea &#8211; ha poi detto Draghi &#8211; ha promesso uno studio completo sui prezzi dell&#8217;energia che arriver\u00e0 a settembre e sar\u00e0 discusso a ottobre&#8221;. <br \/>-foto agenziafotogramma.it-<br \/>(ITALPRESS).<\/div>\n<div id=\"div-gpt-ad-Messinaoggi.it-DSK-300x250-corpoart\" style=\"text-align:center;margin:0 auto;\"><\/div><\/p><div id=\"videoincontent\" style=\"clear:both\";><\/div>","protected":false},"excerpt":{"rendered":"<p>BRUXELLES (ITALPRESS) &#8211; Il tema dell&#8217;energia al centro della conferenza stampa del premier Mario Draghi al termine della riunione a Bruxelles del Consiglio europeo. Sul tetto al prezzo del gas Draghi ha detto che &#8220;la posizione della Germania, ma anche dell&#8217;Olanda, \u00e8 cambiata progressivamente muovendosi nella nostra direzione. Oggi la maggiore obiezione che si fa [&hellip;]<\/p>\n","protected":false},"author":18,"featured_media":112206,"comment_status":"closed","ping_status":"closed","sticky":false,"template":"","format":"standard","meta":{"ub_ctt_via":"","_mi_skip_tracking":false},"categories":[446],"tags":[783],"featured_image_src":"https:\/\/www.messinaoggi.it\/website\/wp-content\/uploads\/2022\/06\/20220624_1897.jpg","author_info":{"display_name":"Admin","author_link":"https:\/\/www.messinaoggi.it\/website\/author\/admin\/"},"digistream_id":0,"digistream":false,"_links":{"self":[{"href":"https:\/\/www.messinaoggi.it\/website\/wp-json\/wp\/v2\/posts\/112205"}],"collection":[{"href":"https:\/\/www.messinaoggi.it\/website\/wp-json\/wp\/v2\/posts"}],"about":[{"href":"https:\/\/www.messinaoggi.it\/website\/wp-json\/wp\/v2\/types\/post"}],"author":[{"embeddable":true,"href":"https:\/\/www.messinaoggi.it\/website\/wp-json\/wp\/v2\/users\/18"}],"replies":[{"embeddable":true,"href":"https:\/\/www.messinaoggi.it\/website\/wp-json\/wp\/v2\/comments?post=112205"}],"version-history":[{"count":0,"href":"https:\/\/www.messinaoggi.it\/website\/wp-json\/wp\/v2\/posts\/112205\/revisions"}],"wp:featuredmedia":[{"embeddable":true,"href":"https:\/\/www.messinaoggi.it\/website\/wp-json\/wp\/v2\/media\/112206"}],"wp:attachment":[{"href":"https:\/\/www.messinaoggi.it\/website\/wp-json\/wp\/v2\/media?parent=112205"}],"wp:term":[{"taxonomy":"category","embeddable":true,"href":"https:\/\/www.messinaoggi.it\/website\/wp-json\/wp\/v2\/categories?post=112205"},{"taxonomy":"post_tag","embeddable":true,"href":"https:\/\/www.messinaoggi.it\/website\/wp-json\/wp\/v2\/tags?post=112205"}],"curies":[{"name":"wp","href":"https:\/\/api.w.org\/{rel}","templated":true}]}}