{"id":11219,"date":"2017-11-10T14:05:57","date_gmt":"2017-11-10T13:05:57","guid":{"rendered":"http:\/\/www.messinaoggi.it\/website\/?p=11219"},"modified":"2017-11-10T14:05:57","modified_gmt":"2017-11-10T13:05:57","slug":"trasporti-franceschini-apre-al-ponte-sullo-stretto","status":"publish","type":"post","link":"https:\/\/www.messinaoggi.it\/website\/2017\/11\/10\/trasporti-franceschini-apre-al-ponte-sullo-stretto\/","title":{"rendered":"Trasporti: Franceschini &quot;apre&quot; al Ponte sullo Stretto"},"content":{"rendered":"<p>&#8220;Trovo che non abbia alcun senso che l&#8217;alta velocit\u00e0 arrivi solo a Salerno se, l&#8217;area a sud, sviluppandosi, pu\u00f2 far crescere tutto il Paese. L&#8217;alta velocit\u00e0 deve arrivare a Palermo e per arrivarci c&#8217;e&#8217; un pezzo di mare da attraversare e per farlo si deve passare su qualcosa&#8221;. Lo ha dichiarato il ministro dei Beni culturali, Dario Franceschini, riferendosi al Ponte sullo Stretto.<br \/>\n&#8220;Lo stesso problema c&#8217;\u00e8 sulla costa adriatica, dove non c&#8217;\u00e8 l&#8217;alta velocit\u00e0 e ci sono 500 km di costa &#8211; ha continuato Franceschini durante il suo intervento a un Forum organizzato da Ambrosetti a Milano &#8211;\u00a0 la sola riqualificazione del patrimonio immobiliare giustifica un grande investimento come l&#8217;alta velocit\u00e0&#8221;.<div id=\"div-gpt-ad-Messinaoggi.it-DSK-300x250-corpoart\" style=\"text-align:center;margin:0 auto;\"><\/div><\/p>\n<div id=\"videoincontent\" style=\"clear:both\";><\/div>","protected":false},"excerpt":{"rendered":"<p>&#8220;Trovo che non abbia alcun senso che l&#8217;alta velocit\u00e0 arrivi solo a Salerno se, l&#8217;area a sud, sviluppandosi, pu\u00f2 far crescere tutto il Paese. L&#8217;alta velocit\u00e0 deve arrivare a Palermo e per arrivarci c&#8217;e&#8217; un pezzo di mare da attraversare e per farlo si deve passare su qualcosa&#8221;. Lo ha dichiarato il ministro dei Beni [&hellip;]<\/p>\n","protected":false},"author":2,"featured_media":2254,"comment_status":"closed","ping_status":"open","sticky":false,"template":"","format":"standard","meta":{"ub_ctt_via":"","_mi_skip_tracking":false},"categories":[11],"tags":[],"featured_image_src":"https:\/\/www.messinaoggi.it\/website\/wp-content\/uploads\/2017\/06\/Ponte-Stretto-1-2.jpg","author_info":{"display_name":"Redazione","author_link":"https:\/\/www.messinaoggi.it\/website\/author\/redazione\/"},"digistream_id":0,"digistream":false,"_links":{"self":[{"href":"https:\/\/www.messinaoggi.it\/website\/wp-json\/wp\/v2\/posts\/11219"}],"collection":[{"href":"https:\/\/www.messinaoggi.it\/website\/wp-json\/wp\/v2\/posts"}],"about":[{"href":"https:\/\/www.messinaoggi.it\/website\/wp-json\/wp\/v2\/types\/post"}],"author":[{"embeddable":true,"href":"https:\/\/www.messinaoggi.it\/website\/wp-json\/wp\/v2\/users\/2"}],"replies":[{"embeddable":true,"href":"https:\/\/www.messinaoggi.it\/website\/wp-json\/wp\/v2\/comments?post=11219"}],"version-history":[{"count":0,"href":"https:\/\/www.messinaoggi.it\/website\/wp-json\/wp\/v2\/posts\/11219\/revisions"}],"wp:featuredmedia":[{"embeddable":true,"href":"https:\/\/www.messinaoggi.it\/website\/wp-json\/wp\/v2\/media\/2254"}],"wp:attachment":[{"href":"https:\/\/www.messinaoggi.it\/website\/wp-json\/wp\/v2\/media?parent=11219"}],"wp:term":[{"taxonomy":"category","embeddable":true,"href":"https:\/\/www.messinaoggi.it\/website\/wp-json\/wp\/v2\/categories?post=11219"},{"taxonomy":"post_tag","embeddable":true,"href":"https:\/\/www.messinaoggi.it\/website\/wp-json\/wp\/v2\/tags?post=11219"}],"curies":[{"name":"wp","href":"https:\/\/api.w.org\/{rel}","templated":true}]}}