{"id":112163,"date":"2022-06-24T15:07:36","date_gmt":"2022-06-24T13:07:36","guid":{"rendered":"https:\/\/www.messinaoggi.it\/website\/2022\/06\/24\/carceri-cartabia-aiutiamo-i-detenuti-a-trovare-lavoro\/"},"modified":"2022-06-24T15:07:36","modified_gmt":"2022-06-24T13:07:36","slug":"carceri-cartabia-aiutiamo-i-detenuti-a-trovare-lavoro","status":"publish","type":"post","link":"https:\/\/www.messinaoggi.it\/website\/2022\/06\/24\/carceri-cartabia-aiutiamo-i-detenuti-a-trovare-lavoro\/","title":{"rendered":"Carceri, Cartabia \u201cAiutiamo i detenuti a trovare lavoro\u201d"},"content":{"rendered":"<div>CAGLIARI (ITALPRESS) &#8211; &#8220;La prima cosa da sottolineare \u00e8 la mobilitazione di tanti soggetti in un settore decisivo come l&#8217;innovazione tecnologica. Poi c&#8217;\u00e8 il valore simbolico di questa scelta. Il lavoro \u00e8 decisivo per il volto costituzionale della pena, che secondo l&#8217;articolo 27 della Costituzione deve essere rieducativa&#8221;. Cos\u00ec la ministra della Giustizia, Marta Cartabia, in visita questa mattina presso il carcere di Uta, in provincia di Cagliari, per il progetto di reinserimento lavorativo dedicato ai detenuti e portato avanti con il contributo dell&#8217;azienda Tiscali insieme ad altre realt\u00e0 della telefonia e del digitale. 8 detenuti sono infatti impegnati nel ricondizionamento di router wifi e saranno impiegati per la posa della fibra ottica in alcuni punti della regione. <br \/>&#8220;C&#8217;\u00e8 un compito molto gravoso per l&#8217;amministrazione penitenziaria, ovvero garantire opportunit\u00e0 di lavoro per tutti &#8211; ha detto ancora l&#8217;esponente del Governo &#8211; Questa non \u00e8 un&#8217;occupazione qualsiasi, o un semplice riempimento delle ore. E&#8217; un lavoro vero e proprio, con adeguata retribuzione e formazione. Consente ai detenuti di essere assunti con contratti in regola. L&#8217;aver lavorato per aziende cos\u00ec importanti pu\u00f2 fare la differenza al momento dell&#8217;uscita e della ricerca di un&#8217;altra occupazione. C&#8217;\u00e8 un lavoro interno con il ricondizionamento dei modem e un lavoro esterno con la posa della fibra ottica&#8221;. E ha concluso: &#8220;Questo richieder\u00e0 un impegno importante e ringrazio l&#8217;amministrazione penitenziaria. Dove il carcere funziona \u00e8 sempre grazie alla collaborazione con il territorio. E&#8217; un progetto che mi da un&#8217;enorme fiducia, perch\u00e8 parte con condizioni di estrema sostenibilit\u00e0&#8221;. <br \/>Per l&#8217;amministratore delegato di Tiscali e presidente di Linkem Davide Rota &#8220;\u00e8 una cosa che funziona, lo abbiamo gi\u00e0 sperimentato, tanti ragazzi poi trovano lavoro&#8221;. E aggiunge: &#8220;Questi ragazzi poi sono pi\u00f9 sereni. Funziona soprattutto per le aziende, anche dal punto di vista economico. Abbiamo tre laboratori adesso in tutta Italia, ma speriamo di poterla fare pi\u00f9 in grande&#8221;. Presenti anche Luca Mastropaolo di Fastweb, Gigliola Falvo di Sky, Andrea Laudadio di Telecom Italia, Silvia Cassano di Vodafone, Roberto Basso di WINDTRE. Al termine della conferenza stampa finale la ministra ha firmato insieme al ministro per l&#8217;Innovazione tecnologica, Vittorio Colao (collegato da Torino), il Memorandum di intesa sul lavoro carcerario.<div id=\"div-gpt-ad-Messinaoggi.it-DSK-300x250-corpoart\" style=\"text-align:center;margin:0 auto;\"><\/div><\/p>\n<p>foto: xd4<br \/>(ITALPRESS).<\/div>\n<div id=\"videoincontent\" style=\"clear:both\";><\/div>","protected":false},"excerpt":{"rendered":"<p>CAGLIARI (ITALPRESS) &#8211; &#8220;La prima cosa da sottolineare \u00e8 la mobilitazione di tanti soggetti in un settore decisivo come l&#8217;innovazione tecnologica. Poi c&#8217;\u00e8 il valore simbolico di questa scelta. Il lavoro \u00e8 decisivo per il volto costituzionale della pena, che secondo l&#8217;articolo 27 della Costituzione deve essere rieducativa&#8221;. Cos\u00ec la ministra della Giustizia, Marta Cartabia, [&hellip;]<\/p>\n","protected":false},"author":18,"featured_media":112164,"comment_status":"closed","ping_status":"closed","sticky":false,"template":"","format":"standard","meta":{"ub_ctt_via":"","_mi_skip_tracking":false},"categories":[446],"tags":[783],"featured_image_src":"https:\/\/www.messinaoggi.it\/website\/wp-content\/uploads\/2022\/06\/20220624_1072.jpg","author_info":{"display_name":"Admin","author_link":"https:\/\/www.messinaoggi.it\/website\/author\/admin\/"},"digistream_id":0,"digistream":false,"_links":{"self":[{"href":"https:\/\/www.messinaoggi.it\/website\/wp-json\/wp\/v2\/posts\/112163"}],"collection":[{"href":"https:\/\/www.messinaoggi.it\/website\/wp-json\/wp\/v2\/posts"}],"about":[{"href":"https:\/\/www.messinaoggi.it\/website\/wp-json\/wp\/v2\/types\/post"}],"author":[{"embeddable":true,"href":"https:\/\/www.messinaoggi.it\/website\/wp-json\/wp\/v2\/users\/18"}],"replies":[{"embeddable":true,"href":"https:\/\/www.messinaoggi.it\/website\/wp-json\/wp\/v2\/comments?post=112163"}],"version-history":[{"count":0,"href":"https:\/\/www.messinaoggi.it\/website\/wp-json\/wp\/v2\/posts\/112163\/revisions"}],"wp:featuredmedia":[{"embeddable":true,"href":"https:\/\/www.messinaoggi.it\/website\/wp-json\/wp\/v2\/media\/112164"}],"wp:attachment":[{"href":"https:\/\/www.messinaoggi.it\/website\/wp-json\/wp\/v2\/media?parent=112163"}],"wp:term":[{"taxonomy":"category","embeddable":true,"href":"https:\/\/www.messinaoggi.it\/website\/wp-json\/wp\/v2\/categories?post=112163"},{"taxonomy":"post_tag","embeddable":true,"href":"https:\/\/www.messinaoggi.it\/website\/wp-json\/wp\/v2\/tags?post=112163"}],"curies":[{"name":"wp","href":"https:\/\/api.w.org\/{rel}","templated":true}]}}