{"id":112148,"date":"2022-06-24T14:07:52","date_gmt":"2022-06-24T12:07:52","guid":{"rendered":"https:\/\/www.messinaoggi.it\/website\/2022\/06\/24\/ucraina-kuleba-decisione-consiglio-ue-ci-rende-piu-forti-e-vicini\/"},"modified":"2022-06-24T14:07:52","modified_gmt":"2022-06-24T12:07:52","slug":"ucraina-kuleba-decisione-consiglio-ue-ci-rende-piu-forti-e-vicini","status":"publish","type":"post","link":"https:\/\/www.messinaoggi.it\/website\/2022\/06\/24\/ucraina-kuleba-decisione-consiglio-ue-ci-rende-piu-forti-e-vicini\/","title":{"rendered":"Ucraina, Kuleba \u201cDecisione Consiglio UE ci rende pi\u00f9 forti e vicini\u201d"},"content":{"rendered":"<div>RAPALLO (ITALPRESS) &#8211; &#8220;La decisione di ieri del Consiglio europeo \u00e8 il semplice riconoscimento che l&#8217;entrata dell&#8217;Ucraina nell&#8217;Ue \u00e8 parte dell&#8217;integrazione europea e una grande motivazione a introdurre cambiamenti sia in Ucraina sia in Ue per renderci pi\u00f9 forti e vicini tra noi&#8221;. Lo ha detto Dmytro Kuleba, ministro degli Affari esteri dell&#8217;Ucraina, in collegamento col convegno dei Giovani imprenditori di Confindustria in corso a Rapallo, commentando il via libera alla concessione dello status di Paese candidato all&#8217;ingresso nell&#8217;Ue. &#8220;L&#8217;Ucraina diventer\u00e0 membro dell&#8217;Unione Europea, significa che da ieri questo cammino \u00e8 pi\u00f9 breve&#8221;.<div id=\"div-gpt-ad-Messinaoggi.it-DSK-300x250-corpoart\" style=\"text-align:center;margin:0 auto;\"><\/div><\/p>\n<p>Foto: agenziafotogramma.it<div id=\"videoincontent\" style=\"clear:both\";><\/div><\/p>\n<p>(ITALPRESS).<\/p><\/div>\n","protected":false},"excerpt":{"rendered":"<p>RAPALLO (ITALPRESS) &#8211; &#8220;La decisione di ieri del Consiglio europeo \u00e8 il semplice riconoscimento che l&#8217;entrata dell&#8217;Ucraina nell&#8217;Ue \u00e8 parte dell&#8217;integrazione europea e una grande motivazione a introdurre cambiamenti sia in Ucraina sia in Ue per renderci pi\u00f9 forti e vicini tra noi&#8221;. Lo ha detto Dmytro Kuleba, ministro degli Affari esteri dell&#8217;Ucraina, in collegamento [&hellip;]<\/p>\n","protected":false},"author":18,"featured_media":112149,"comment_status":"closed","ping_status":"closed","sticky":false,"template":"","format":"standard","meta":{"ub_ctt_via":"","_mi_skip_tracking":false},"categories":[446],"tags":[783],"featured_image_src":"https:\/\/www.messinaoggi.it\/website\/wp-content\/uploads\/2022\/06\/20220624_0809.jpg","author_info":{"display_name":"Admin","author_link":"https:\/\/www.messinaoggi.it\/website\/author\/admin\/"},"digistream_id":0,"digistream":false,"_links":{"self":[{"href":"https:\/\/www.messinaoggi.it\/website\/wp-json\/wp\/v2\/posts\/112148"}],"collection":[{"href":"https:\/\/www.messinaoggi.it\/website\/wp-json\/wp\/v2\/posts"}],"about":[{"href":"https:\/\/www.messinaoggi.it\/website\/wp-json\/wp\/v2\/types\/post"}],"author":[{"embeddable":true,"href":"https:\/\/www.messinaoggi.it\/website\/wp-json\/wp\/v2\/users\/18"}],"replies":[{"embeddable":true,"href":"https:\/\/www.messinaoggi.it\/website\/wp-json\/wp\/v2\/comments?post=112148"}],"version-history":[{"count":0,"href":"https:\/\/www.messinaoggi.it\/website\/wp-json\/wp\/v2\/posts\/112148\/revisions"}],"wp:featuredmedia":[{"embeddable":true,"href":"https:\/\/www.messinaoggi.it\/website\/wp-json\/wp\/v2\/media\/112149"}],"wp:attachment":[{"href":"https:\/\/www.messinaoggi.it\/website\/wp-json\/wp\/v2\/media?parent=112148"}],"wp:term":[{"taxonomy":"category","embeddable":true,"href":"https:\/\/www.messinaoggi.it\/website\/wp-json\/wp\/v2\/categories?post=112148"},{"taxonomy":"post_tag","embeddable":true,"href":"https:\/\/www.messinaoggi.it\/website\/wp-json\/wp\/v2\/tags?post=112148"}],"curies":[{"name":"wp","href":"https:\/\/api.w.org\/{rel}","templated":true}]}}