{"id":112146,"date":"2022-06-24T14:07:50","date_gmt":"2022-06-24T12:07:50","guid":{"rendered":"https:\/\/www.messinaoggi.it\/website\/2022\/06\/24\/confintesa-a-roma-dibattito-sul-rinnovamento-dei-corpi-intermedi\/"},"modified":"2022-06-24T14:07:50","modified_gmt":"2022-06-24T12:07:50","slug":"confintesa-a-roma-dibattito-sul-rinnovamento-dei-corpi-intermedi","status":"publish","type":"post","link":"https:\/\/www.messinaoggi.it\/website\/2022\/06\/24\/confintesa-a-roma-dibattito-sul-rinnovamento-dei-corpi-intermedi\/","title":{"rendered":"Confintesa, a Roma dibattito sul rinnovamento dei corpi intermedi"},"content":{"rendered":"<div>ROMA (ITALPRESS) &#8211; Nell&#8217;ambito della 2^ Conferenza programmatica di Confintesa, che si svolger\u00e0 a Roma dal 24 al 25 giugno presso l&#8217;Hotel Cristoforo Colombo, si terr\u00e0 oggi un&#8217;interessante tavola rotonda dal titolo: &#8220;Il rinnovamento dei corpi intermedi per la societ\u00e0 del futuro&#8221;. Alla tavola rotonda parteciperanno: Francesco Prudenzano, segretario generale di Confintesa; Ignazio La Ganga, segretario confederale della Cisl; Carmelo Prestileo, segretario organizzativo della Uil di Roma e Lazio; senatore Tommaso Nannicini, Pd; onorevole Andrea Ruggieri, Forza Italia; onorevole Anna Cinzia Bonfrisco, eurodeputata della Lega; professor Giuseppe Conte, Movimento Cinque Stelle; professor Tiziano Treu, presidente del CNEL. Il dibattito sar\u00e0 moderato dal giornalista de La7 Francesco Magnani. <br \/>Il mondo \u00e8 cambiato ma la politica e i sindacati sembrano non essersene accorti quindi, \u00e8 evidente lo scollamento esistente tra &#8220;il Palazzo&#8221; e il Popolo. Nonostante tutto i riti e le prassi di quella che viene definita la prima repubblica continuano a perpetrarsi come se niente fosse accaduto in questi decenni.<br \/>Con questa tavola rotonda Confintesa intende aprire un dibattito sul fatto che, nonostante i dati OCSE certificano che in Italia il grado di sindacalizzazione dei lavoratori attivi sia sceso al 34, 3% e che, quindi, su circa 25.400.000 di lavoratori occupati solo 8.200.000, vi sia una pluralit\u00e0 di sigle che rappresentano i lavoratori attivi mentre il Governo continua a ricevere ed ascoltare solo le solite tre sigle sindacali ignorando le altre.<br \/>Allo stesso modo Confintesa, spiega una nota, &#8220;intende far riflettere sullo scollamento che esiste tra i palazzi della politica e il Popolo e i risultati sull&#8217;affluenza sia delle ultime elezioni amministrative che sui referendum lo dimostrano.<br \/>Ecco il motivo per cui \u00e8 ormai improcrastinabile un rinnovamento dei corpi intermedi, siano essi politici o sindacali, al fine di riconquistare la fiducia del popolo e preservare i valori della democrazia sanciti dalla Costituzione, valori che non possono essere vanificati dalle distorsioni di un sistema politico e sociale che, specialmente in questi ultimi anni, sta dimostrando tutti i suoi limiti&#8221;.<div id=\"div-gpt-ad-Messinaoggi.it-DSK-300x250-corpoart\" style=\"text-align:center;margin:0 auto;\"><\/div><\/p>\n<p>&#8211; foto ufficio stampa Confintesa &#8211;<br \/>(ITALPRESS).<\/div>\n<div id=\"videoincontent\" style=\"clear:both\";><\/div>","protected":false},"excerpt":{"rendered":"<p>ROMA (ITALPRESS) &#8211; Nell&#8217;ambito della 2^ Conferenza programmatica di Confintesa, che si svolger\u00e0 a Roma dal 24 al 25 giugno presso l&#8217;Hotel Cristoforo Colombo, si terr\u00e0 oggi un&#8217;interessante tavola rotonda dal titolo: &#8220;Il rinnovamento dei corpi intermedi per la societ\u00e0 del futuro&#8221;. Alla tavola rotonda parteciperanno: Francesco Prudenzano, segretario generale di Confintesa; Ignazio La Ganga, [&hellip;]<\/p>\n","protected":false},"author":18,"featured_media":112147,"comment_status":"closed","ping_status":"closed","sticky":false,"template":"","format":"standard","meta":{"ub_ctt_via":"","_mi_skip_tracking":false},"categories":[446],"tags":[783],"featured_image_src":"https:\/\/www.messinaoggi.it\/website\/wp-content\/uploads\/2022\/06\/20220624_0788.jpg","author_info":{"display_name":"Admin","author_link":"https:\/\/www.messinaoggi.it\/website\/author\/admin\/"},"digistream_id":0,"digistream":false,"_links":{"self":[{"href":"https:\/\/www.messinaoggi.it\/website\/wp-json\/wp\/v2\/posts\/112146"}],"collection":[{"href":"https:\/\/www.messinaoggi.it\/website\/wp-json\/wp\/v2\/posts"}],"about":[{"href":"https:\/\/www.messinaoggi.it\/website\/wp-json\/wp\/v2\/types\/post"}],"author":[{"embeddable":true,"href":"https:\/\/www.messinaoggi.it\/website\/wp-json\/wp\/v2\/users\/18"}],"replies":[{"embeddable":true,"href":"https:\/\/www.messinaoggi.it\/website\/wp-json\/wp\/v2\/comments?post=112146"}],"version-history":[{"count":0,"href":"https:\/\/www.messinaoggi.it\/website\/wp-json\/wp\/v2\/posts\/112146\/revisions"}],"wp:featuredmedia":[{"embeddable":true,"href":"https:\/\/www.messinaoggi.it\/website\/wp-json\/wp\/v2\/media\/112147"}],"wp:attachment":[{"href":"https:\/\/www.messinaoggi.it\/website\/wp-json\/wp\/v2\/media?parent=112146"}],"wp:term":[{"taxonomy":"category","embeddable":true,"href":"https:\/\/www.messinaoggi.it\/website\/wp-json\/wp\/v2\/categories?post=112146"},{"taxonomy":"post_tag","embeddable":true,"href":"https:\/\/www.messinaoggi.it\/website\/wp-json\/wp\/v2\/tags?post=112146"}],"curies":[{"name":"wp","href":"https:\/\/api.w.org\/{rel}","templated":true}]}}