{"id":112141,"date":"2022-06-24T13:49:53","date_gmt":"2022-06-24T11:49:53","guid":{"rendered":"http:\/\/www.messinaoggi.it\/website\/?p=112141"},"modified":"2022-06-24T13:50:07","modified_gmt":"2022-06-24T11:50:07","slug":"poliziotti-salvano-tartaruga-marina","status":"publish","type":"post","link":"https:\/\/www.messinaoggi.it\/website\/2022\/06\/24\/poliziotti-salvano-tartaruga-marina\/","title":{"rendered":"Poliziotti salvano tartaruga marina"},"content":{"rendered":"\n<p>\u00c8 stata individuata ieri pomeriggio, nel tratto antistante la banchina del molo Rizzo, da alcuni dipendenti delle societ\u00e0 di navigazione del terminal aliscafi. Una tartaruga marina, in evidente difficolt\u00e0, rischiava di essere travolta dai natanti che l\u00ec fanno ormeggio.<div id=\"div-gpt-ad-Messinaoggi.it-DSK-300x250-corpoart\" style=\"text-align:center;margin:0 auto;\"><\/div><\/p>\n\n\n\n<p>I poliziotti della locale Sezione di Polizia di Frontiera sono riusciti a recuperarla e metterla in salvo grazie all\u2019aiuto della Corporazione degli Ormeggiatori del Porto di Messina che ha prontamente messo in acqua la barca <em>Emanuele I<\/em>. L\u2019animale \u00e8 stato quindi trasferito a bordo del rimorchiatore <em>Ievoli Red<\/em> presso il Centro Recupero Tartarughe Marine \u2013 Blue Conservancy Onlus di Brancaleone (RC), come da indicazioni della Guardia Costiera.<div id=\"videoincontent\" style=\"clear:both\";><\/div><\/p>\n\n\n\n<p>Gli operatori della onlus hanno preso in cura la tartaruga, un esemplare della specie protetta \u201cCaretta Caretta\u201d, di sesso femminile, et\u00e0 approssimativa di 30\/40 anni. Presenta una ferita alla testa, forse causata dall\u2019elica di un natante<\/p>\n","protected":false},"excerpt":{"rendered":"<p>\u00c8 stata individuata ieri pomeriggio, nel tratto antistante la banchina del molo Rizzo, da alcuni dipendenti delle societ\u00e0 di navigazione del terminal aliscafi. Una tartaruga marina, in evidente difficolt\u00e0, rischiava di essere travolta dai natanti che l\u00ec fanno ormeggio. I poliziotti della locale Sezione di Polizia di Frontiera sono riusciti a recuperarla e metterla in [&hellip;]<\/p>\n","protected":false},"author":8,"featured_media":112142,"comment_status":"open","ping_status":"open","sticky":false,"template":"","format":"standard","meta":{"ub_ctt_via":"","_mi_skip_tracking":false},"categories":[5],"tags":[4693],"featured_image_src":"https:\/\/www.messinaoggi.it\/website\/wp-content\/uploads\/2022\/06\/IMG-20220624-WA0020.jpg","author_info":{"display_name":"red..me","author_link":"https:\/\/www.messinaoggi.it\/website\/author\/redstage\/"},"digistream_id":0,"digistream":false,"_links":{"self":[{"href":"https:\/\/www.messinaoggi.it\/website\/wp-json\/wp\/v2\/posts\/112141"}],"collection":[{"href":"https:\/\/www.messinaoggi.it\/website\/wp-json\/wp\/v2\/posts"}],"about":[{"href":"https:\/\/www.messinaoggi.it\/website\/wp-json\/wp\/v2\/types\/post"}],"author":[{"embeddable":true,"href":"https:\/\/www.messinaoggi.it\/website\/wp-json\/wp\/v2\/users\/8"}],"replies":[{"embeddable":true,"href":"https:\/\/www.messinaoggi.it\/website\/wp-json\/wp\/v2\/comments?post=112141"}],"version-history":[{"count":1,"href":"https:\/\/www.messinaoggi.it\/website\/wp-json\/wp\/v2\/posts\/112141\/revisions"}],"predecessor-version":[{"id":112143,"href":"https:\/\/www.messinaoggi.it\/website\/wp-json\/wp\/v2\/posts\/112141\/revisions\/112143"}],"wp:featuredmedia":[{"embeddable":true,"href":"https:\/\/www.messinaoggi.it\/website\/wp-json\/wp\/v2\/media\/112142"}],"wp:attachment":[{"href":"https:\/\/www.messinaoggi.it\/website\/wp-json\/wp\/v2\/media?parent=112141"}],"wp:term":[{"taxonomy":"category","embeddable":true,"href":"https:\/\/www.messinaoggi.it\/website\/wp-json\/wp\/v2\/categories?post=112141"},{"taxonomy":"post_tag","embeddable":true,"href":"https:\/\/www.messinaoggi.it\/website\/wp-json\/wp\/v2\/tags?post=112141"}],"curies":[{"name":"wp","href":"https:\/\/api.w.org\/{rel}","templated":true}]}}