{"id":112079,"date":"2022-06-23T21:07:33","date_gmt":"2022-06-23T19:07:33","guid":{"rendered":"https:\/\/www.messinaoggi.it\/website\/2022\/06\/23\/csm-mattarella-auspico-assicuri-tempestivita-e-doverosa-trasparenza\/"},"modified":"2022-06-23T21:07:33","modified_gmt":"2022-06-23T19:07:33","slug":"csm-mattarella-auspico-assicuri-tempestivita-e-doverosa-trasparenza","status":"publish","type":"post","link":"https:\/\/www.messinaoggi.it\/website\/2022\/06\/23\/csm-mattarella-auspico-assicuri-tempestivita-e-doverosa-trasparenza\/","title":{"rendered":"Csm, Mattarella \u201cAuspico assicuri tempestivit\u00e0 e doverosa trasparenza\u201d"},"content":{"rendered":"<div>ROMA (ITALPRESS) &#8211; &#8220;Auspico che il Csm continui a svolgere il suo compito con tempestivit\u00e0 e doverosa trasparenza in questo ultimo tratto di quadriennio&#8221;. Lo ha detto il Presidente della Repubblica Sergio Mattarella partecipando all&#8217;Assemblea plenaria del Csm, dopo la nomina di Luigi Salvato a procuratopre generale della Corte di Cassazione. Per il Capo dello Stato il Csm &#8220;\u00e8 chiamato a fornire il suo essenziale contributo all&#8217;attuazione della riforma dell&#8217;ordinamento approvata dal Parlamento, nei giorni scorsi&#8221;. &#8220;Sono sicuro che il procuratore Salvato &#8211; ha aggiunto &#8211; sapr\u00e0 assicurare una guida efficace della Procura generale alla luce delle sue comprovate qualit\u00e0 professionali e della sua capacit\u00e0 organizzativa, aspetti messi in evidenza nella delibera appena approvata&#8221;. &#8220;Nella stessa misura sapr\u00e0 certamente fornire un contributo significativo ai lavori di questo consiglio&#8221;. Mattarella, a fine seduta, ha espresso le proprie congratulazioni e gli &#8220;auguri di buon lavoro&#8221; a Salvato. &#8220;Esprimo apprezzamento &#8211; ha concluso &#8211; anche per gli altri partecipanti alla procedura si selezione, entrambi di valore professionale indiscusso&#8221;. E ancora &#8220;un convinto ringraziamento al procuratore uscente Giovanni Salvi, per l&#8217;impegno di tutta la sua carriera&#8221;. &#8220;Ha assunto questo incarico &#8211; ricorda Mattarella &#8211; in uno dei momenti pi\u00f9 difficili per la magistratura, assicurando una guida in autentica autonomia, ponendo il massimo impegno alla tutela della indipendenza della magistratura&#8221;. <br \/>(ITALPRESS). <div id=\"div-gpt-ad-Messinaoggi.it-DSK-300x250-corpoart\" style=\"text-align:center;margin:0 auto;\"><\/div><\/p>\n<p>&#8211; credit photo agenziafotogramma.it &#8211;<\/div>\n<div id=\"videoincontent\" style=\"clear:both\";><\/div>","protected":false},"excerpt":{"rendered":"<p>ROMA (ITALPRESS) &#8211; &#8220;Auspico che il Csm continui a svolgere il suo compito con tempestivit\u00e0 e doverosa trasparenza in questo ultimo tratto di quadriennio&#8221;. Lo ha detto il Presidente della Repubblica Sergio Mattarella partecipando all&#8217;Assemblea plenaria del Csm, dopo la nomina di Luigi Salvato a procuratopre generale della Corte di Cassazione. Per il Capo dello [&hellip;]<\/p>\n","protected":false},"author":18,"featured_media":112080,"comment_status":"closed","ping_status":"closed","sticky":false,"template":"","format":"standard","meta":{"ub_ctt_via":"","_mi_skip_tracking":false},"categories":[446],"tags":[783],"featured_image_src":"https:\/\/www.messinaoggi.it\/website\/wp-content\/uploads\/2022\/06\/20220623_2688.jpg","author_info":{"display_name":"Admin","author_link":"https:\/\/www.messinaoggi.it\/website\/author\/admin\/"},"digistream_id":0,"digistream":false,"_links":{"self":[{"href":"https:\/\/www.messinaoggi.it\/website\/wp-json\/wp\/v2\/posts\/112079"}],"collection":[{"href":"https:\/\/www.messinaoggi.it\/website\/wp-json\/wp\/v2\/posts"}],"about":[{"href":"https:\/\/www.messinaoggi.it\/website\/wp-json\/wp\/v2\/types\/post"}],"author":[{"embeddable":true,"href":"https:\/\/www.messinaoggi.it\/website\/wp-json\/wp\/v2\/users\/18"}],"replies":[{"embeddable":true,"href":"https:\/\/www.messinaoggi.it\/website\/wp-json\/wp\/v2\/comments?post=112079"}],"version-history":[{"count":0,"href":"https:\/\/www.messinaoggi.it\/website\/wp-json\/wp\/v2\/posts\/112079\/revisions"}],"wp:featuredmedia":[{"embeddable":true,"href":"https:\/\/www.messinaoggi.it\/website\/wp-json\/wp\/v2\/media\/112080"}],"wp:attachment":[{"href":"https:\/\/www.messinaoggi.it\/website\/wp-json\/wp\/v2\/media?parent=112079"}],"wp:term":[{"taxonomy":"category","embeddable":true,"href":"https:\/\/www.messinaoggi.it\/website\/wp-json\/wp\/v2\/categories?post=112079"},{"taxonomy":"post_tag","embeddable":true,"href":"https:\/\/www.messinaoggi.it\/website\/wp-json\/wp\/v2\/tags?post=112079"}],"curies":[{"name":"wp","href":"https:\/\/api.w.org\/{rel}","templated":true}]}}