{"id":112055,"date":"2022-06-23T19:07:36","date_gmt":"2022-06-23T17:07:36","guid":{"rendered":"https:\/\/www.messinaoggi.it\/website\/2022\/06\/23\/di-maio-ipf-e-progetto-attrattivo-odio-contro-di-noi-sorridiamo\/"},"modified":"2022-06-23T19:07:36","modified_gmt":"2022-06-23T17:07:36","slug":"di-maio-ipf-e-progetto-attrattivo-odio-contro-di-noi-sorridiamo","status":"publish","type":"post","link":"https:\/\/www.messinaoggi.it\/website\/2022\/06\/23\/di-maio-ipf-e-progetto-attrattivo-odio-contro-di-noi-sorridiamo\/","title":{"rendered":"Di Maio \u201cIpf \u00e8 progetto attrattivo. Odio contro di noi? Sorridiamo\u201d"},"content":{"rendered":"<div>ROMA (ITALPRESS) &#8211; &#8220;Insieme per il futuro non \u00e8 un partito personale, ma \u00e8 un percorso di ascolto del territorio italiano. Un percorso per ascoltare i sindaci e gli amministratori locali,  i presidenti delle Citt\u00e0 Metropolitane, delle province e delle Regioni. Persone che risolvono problemi dalla mattina alla sera&#8221;.<br \/>Lo ha detto il ministro degli Esteri Luigi Di Maio, fuori da Montecitorio, al termine della prima riunione dei gruppi parlamentari del neonato Ipf. &#8220;Non vogliamo costruire proposte populiste o qualunquiste &#8211; ha continuato &#8211; ma proposte con chi amministra il territorio ogni giorno. Raccontando la verit\u00e0 con soluzioni pragmatiche significa rispettare i cittadini&#8221;. Sicuramente questo \u00e8 un progetto molto attrattivo e nelle prossime ore arriveranno altre persone perch\u00e8 continuano sia dal territorio italiano, sia qui a Roma proposte di adesione ad un progetto che ha gi\u00e0 tante persone e pi\u00f9 crescere\u00e0 pi\u00f9 potremo costruire un progetto alternativo&#8221;. &#8220;Ho visto in queste ore che continua l&#8217;odio contro di noi, noi rispondiamo con il sorriso, ce ne facciamo una ragione. Andiamo avanti e guardiamo avanti&#8230;&#8221;. E sul Movimento Cinque stelle aggiunge: &#8220;Ho preso le distanze da un progetto che credo si stia radicalizzando sempre di pi\u00f9 e che pur di inseguire qualche sondaggio ha provato a mettere in discussione anche la sicurezza del Governo. Ma per quanto mi riguarda tra pochi mesi i cittadini italiani saranno chiamati a votare e decideranno&#8221;.<br \/>(ITALPRESS). <div id=\"div-gpt-ad-Messinaoggi.it-DSK-300x250-corpoart\" style=\"text-align:center;margin:0 auto;\"><\/div><\/p>\n<p>&#8211; credit photo agenziafotogramma.it &#8211;<div id=\"videoincontent\" style=\"clear:both\";><\/div><\/p><\/div>\n","protected":false},"excerpt":{"rendered":"<p>ROMA (ITALPRESS) &#8211; &#8220;Insieme per il futuro non \u00e8 un partito personale, ma \u00e8 un percorso di ascolto del territorio italiano. Un percorso per ascoltare i sindaci e gli amministratori locali, i presidenti delle Citt\u00e0 Metropolitane, delle province e delle Regioni. Persone che risolvono problemi dalla mattina alla sera&#8221;.Lo ha detto il ministro degli Esteri [&hellip;]<\/p>\n","protected":false},"author":18,"featured_media":112056,"comment_status":"closed","ping_status":"closed","sticky":false,"template":"","format":"standard","meta":{"ub_ctt_via":"","_mi_skip_tracking":false},"categories":[446],"tags":[783],"featured_image_src":"https:\/\/www.messinaoggi.it\/website\/wp-content\/uploads\/2022\/06\/20220623_2372.jpg","author_info":{"display_name":"Admin","author_link":"https:\/\/www.messinaoggi.it\/website\/author\/admin\/"},"digistream_id":0,"digistream":false,"_links":{"self":[{"href":"https:\/\/www.messinaoggi.it\/website\/wp-json\/wp\/v2\/posts\/112055"}],"collection":[{"href":"https:\/\/www.messinaoggi.it\/website\/wp-json\/wp\/v2\/posts"}],"about":[{"href":"https:\/\/www.messinaoggi.it\/website\/wp-json\/wp\/v2\/types\/post"}],"author":[{"embeddable":true,"href":"https:\/\/www.messinaoggi.it\/website\/wp-json\/wp\/v2\/users\/18"}],"replies":[{"embeddable":true,"href":"https:\/\/www.messinaoggi.it\/website\/wp-json\/wp\/v2\/comments?post=112055"}],"version-history":[{"count":0,"href":"https:\/\/www.messinaoggi.it\/website\/wp-json\/wp\/v2\/posts\/112055\/revisions"}],"wp:featuredmedia":[{"embeddable":true,"href":"https:\/\/www.messinaoggi.it\/website\/wp-json\/wp\/v2\/media\/112056"}],"wp:attachment":[{"href":"https:\/\/www.messinaoggi.it\/website\/wp-json\/wp\/v2\/media?parent=112055"}],"wp:term":[{"taxonomy":"category","embeddable":true,"href":"https:\/\/www.messinaoggi.it\/website\/wp-json\/wp\/v2\/categories?post=112055"},{"taxonomy":"post_tag","embeddable":true,"href":"https:\/\/www.messinaoggi.it\/website\/wp-json\/wp\/v2\/tags?post=112055"}],"curies":[{"name":"wp","href":"https:\/\/api.w.org\/{rel}","templated":true}]}}