{"id":112042,"date":"2022-06-23T17:07:34","date_gmt":"2022-06-23T15:07:34","guid":{"rendered":"https:\/\/www.messinaoggi.it\/website\/2022\/06\/23\/conte-vogliamo-essere-primi-nel-tendere-la-mano-a-chi-in-difficolta\/"},"modified":"2022-06-23T17:07:34","modified_gmt":"2022-06-23T15:07:34","slug":"conte-vogliamo-essere-primi-nel-tendere-la-mano-a-chi-in-difficolta","status":"publish","type":"post","link":"https:\/\/www.messinaoggi.it\/website\/2022\/06\/23\/conte-vogliamo-essere-primi-nel-tendere-la-mano-a-chi-in-difficolta\/","title":{"rendered":"Conte \u201cVogliamo essere primi nel tendere la mano a chi in difficolt\u00e0\u201d"},"content":{"rendered":"<div>ROMA (ITALPRESS) &#8211; &#8220;In questi giorni \u00e8 stato sottolineato che non siamo pi\u00f9 la prima forza politica in Parlamento. Direi che essere i &#8220;primi&#8221; nel Palazzo non \u00e8 tutto&#8221;. Lo scrive su facebook il leader M5s Giuseppe Conte che aggiunge: &#8220;Per me l&#8217;importante \u00e8 essere i primi a tendere la mano nel Paese alle famiglie in difficolt\u00e0, ai giovani precari, a chi lotta contro l&#8217;inquinamento nella propria citt\u00e0, alle imprese che non vogliono chiudere i battenti nei loro territori. Avanti Movimento, vicino a chi non conta, non ha voce. A chi rimane agli altri &#8220;invisibile&#8221;&#8221;.<br \/>\n&#8211; foto agenziafotogramma.it &#8211;<br \/>\n(ITALPRESS).<\/div>\n<div id=\"div-gpt-ad-Messinaoggi.it-DSK-300x250-corpoart\" style=\"text-align:center;margin:0 auto;\"><\/div><\/p><div id=\"videoincontent\" style=\"clear:both\";><\/div>","protected":false},"excerpt":{"rendered":"<p>ROMA (ITALPRESS) &#8211; &#8220;In questi giorni \u00e8 stato sottolineato che non siamo pi\u00f9 la prima forza politica in Parlamento. Direi che essere i &#8220;primi&#8221; nel Palazzo non \u00e8 tutto&#8221;. Lo scrive su facebook il leader M5s Giuseppe Conte che aggiunge: &#8220;Per me l&#8217;importante \u00e8 essere i primi a tendere la mano nel Paese alle famiglie [&hellip;]<\/p>\n","protected":false},"author":18,"featured_media":112043,"comment_status":"closed","ping_status":"closed","sticky":false,"template":"","format":"standard","meta":{"ub_ctt_via":"","_mi_skip_tracking":false},"categories":[446],"tags":[783],"featured_image_src":"https:\/\/www.messinaoggi.it\/website\/wp-content\/uploads\/2022\/06\/20220623_1953.jpg","author_info":{"display_name":"Admin","author_link":"https:\/\/www.messinaoggi.it\/website\/author\/admin\/"},"digistream_id":0,"digistream":false,"_links":{"self":[{"href":"https:\/\/www.messinaoggi.it\/website\/wp-json\/wp\/v2\/posts\/112042"}],"collection":[{"href":"https:\/\/www.messinaoggi.it\/website\/wp-json\/wp\/v2\/posts"}],"about":[{"href":"https:\/\/www.messinaoggi.it\/website\/wp-json\/wp\/v2\/types\/post"}],"author":[{"embeddable":true,"href":"https:\/\/www.messinaoggi.it\/website\/wp-json\/wp\/v2\/users\/18"}],"replies":[{"embeddable":true,"href":"https:\/\/www.messinaoggi.it\/website\/wp-json\/wp\/v2\/comments?post=112042"}],"version-history":[{"count":0,"href":"https:\/\/www.messinaoggi.it\/website\/wp-json\/wp\/v2\/posts\/112042\/revisions"}],"wp:featuredmedia":[{"embeddable":true,"href":"https:\/\/www.messinaoggi.it\/website\/wp-json\/wp\/v2\/media\/112043"}],"wp:attachment":[{"href":"https:\/\/www.messinaoggi.it\/website\/wp-json\/wp\/v2\/media?parent=112042"}],"wp:term":[{"taxonomy":"category","embeddable":true,"href":"https:\/\/www.messinaoggi.it\/website\/wp-json\/wp\/v2\/categories?post=112042"},{"taxonomy":"post_tag","embeddable":true,"href":"https:\/\/www.messinaoggi.it\/website\/wp-json\/wp\/v2\/tags?post=112042"}],"curies":[{"name":"wp","href":"https:\/\/api.w.org\/{rel}","templated":true}]}}