{"id":112022,"date":"2022-06-23T15:10:02","date_gmt":"2022-06-23T13:10:02","guid":{"rendered":"http:\/\/www.messinaoggi.it\/website\/?p=112022"},"modified":"2022-06-23T15:10:03","modified_gmt":"2022-06-23T13:10:03","slug":"de-domenico-accettato-confronto-con-basile-inizio-non-buono-con-messenion-altra-inutile-partecipata","status":"publish","type":"post","link":"https:\/\/www.messinaoggi.it\/website\/2022\/06\/23\/de-domenico-accettato-confronto-con-basile-inizio-non-buono-con-messenion-altra-inutile-partecipata\/","title":{"rendered":"De Domenico: \u201cAccettato confronto con Basile. Inizio non buono con Messenion, altra inutile partecipata\u201d"},"content":{"rendered":"\n<p>Ho accettato l&#8217;invito di Federico Basile, arrivato in forma ufficiale, rivolto a tutti i candidati alle ultime elezioni. Domani, quindi, parteciper\u00f2 al tavolo di confronto che ha convocato. Una scelta in linea con quella che \u00e8 stata tutta la nostra campagna elettorale e la nostra proposta e concezione di citt\u00e0: inclusione, nuove idee e coraggio\u201d. Cos\u00ec Franco De Domenico, che in occasione delle passate amministrative \u00e8 stato candidato sindaco per il centro sinistra.<div id=\"div-gpt-ad-Messinaoggi.it-DSK-300x250-corpoart\" style=\"text-align:center;margin:0 auto;\"><\/div><\/p>\n\n\n\n<p>\u201cDalla riunione con il sindaco Basile &#8211; prosegue &#8211; ci aspettiamo che, segnando un punto di discontinuit\u00e0 con il passato, si voglia ad esempio puntare sull\u2019eccellenza e sulla qualit\u00e0, con l\u2019obiettivo di valorizzare le nostre bellezze e di divulgarle nel mondo, offrendo un sostegno concreto a chi continua a \u201cfare cultura\u201d nel nostro territorio; si voglia progettare uno sviluppo urbano che permetta finalmente a Messina di riconquistare il proprio mare; ci sia una svolta nei rapporti istituzionali, che permetta al Comune di riacquisire credibilit\u00e0 a livello locale e nazionale. Certo l&#8217;inizio non promette bene se si intende riproporre la Fondazione Messenion ennesima e in questo caso inutile partecipata.<div id=\"videoincontent\" style=\"clear:both\";><\/div><\/p>\n\n\n\n<p>\u201cRibadiremo che siamo all&#8217;opposizione e vigileremo sui conti e su come verranno spesi i fondi destinati ai progetti per la nostra Messina\u201d.<\/p>\n","protected":false},"excerpt":{"rendered":"<p>Ho accettato l&#8217;invito di Federico Basile, arrivato in forma ufficiale, rivolto a tutti i candidati alle ultime elezioni. Domani, quindi, parteciper\u00f2 al tavolo di confronto che ha convocato. Una scelta in linea con quella che \u00e8 stata tutta la nostra campagna elettorale e la nostra proposta e concezione di citt\u00e0: inclusione, nuove idee e coraggio\u201d. [&hellip;]<\/p>\n","protected":false},"author":8,"featured_media":33832,"comment_status":"open","ping_status":"open","sticky":false,"template":"","format":"standard","meta":{"ub_ctt_via":"","_mi_skip_tracking":false},"categories":[4],"tags":[2972,2059],"featured_image_src":"https:\/\/www.messinaoggi.it\/website\/wp-content\/uploads\/2019\/06\/foto-franco.jpg","author_info":{"display_name":"red..me","author_link":"https:\/\/www.messinaoggi.it\/website\/author\/redstage\/"},"digistream_id":0,"digistream":false,"_links":{"self":[{"href":"https:\/\/www.messinaoggi.it\/website\/wp-json\/wp\/v2\/posts\/112022"}],"collection":[{"href":"https:\/\/www.messinaoggi.it\/website\/wp-json\/wp\/v2\/posts"}],"about":[{"href":"https:\/\/www.messinaoggi.it\/website\/wp-json\/wp\/v2\/types\/post"}],"author":[{"embeddable":true,"href":"https:\/\/www.messinaoggi.it\/website\/wp-json\/wp\/v2\/users\/8"}],"replies":[{"embeddable":true,"href":"https:\/\/www.messinaoggi.it\/website\/wp-json\/wp\/v2\/comments?post=112022"}],"version-history":[{"count":1,"href":"https:\/\/www.messinaoggi.it\/website\/wp-json\/wp\/v2\/posts\/112022\/revisions"}],"predecessor-version":[{"id":112023,"href":"https:\/\/www.messinaoggi.it\/website\/wp-json\/wp\/v2\/posts\/112022\/revisions\/112023"}],"wp:featuredmedia":[{"embeddable":true,"href":"https:\/\/www.messinaoggi.it\/website\/wp-json\/wp\/v2\/media\/33832"}],"wp:attachment":[{"href":"https:\/\/www.messinaoggi.it\/website\/wp-json\/wp\/v2\/media?parent=112022"}],"wp:term":[{"taxonomy":"category","embeddable":true,"href":"https:\/\/www.messinaoggi.it\/website\/wp-json\/wp\/v2\/categories?post=112022"},{"taxonomy":"post_tag","embeddable":true,"href":"https:\/\/www.messinaoggi.it\/website\/wp-json\/wp\/v2\/tags?post=112022"}],"curies":[{"name":"wp","href":"https:\/\/api.w.org\/{rel}","templated":true}]}}