{"id":112020,"date":"2022-06-23T14:07:38","date_gmt":"2022-06-23T12:07:38","guid":{"rendered":"https:\/\/www.messinaoggi.it\/website\/2022\/06\/23\/da-pellegrini-a-bielsa-tante-stelle-per-premio-fair-play-menarini\/"},"modified":"2022-06-23T14:07:38","modified_gmt":"2022-06-23T12:07:38","slug":"da-pellegrini-a-bielsa-tante-stelle-per-premio-fair-play-menarini","status":"publish","type":"post","link":"https:\/\/www.messinaoggi.it\/website\/2022\/06\/23\/da-pellegrini-a-bielsa-tante-stelle-per-premio-fair-play-menarini\/","title":{"rendered":"Da Pellegrini a Bielsa, tante stelle per Premio Fair Play Menarini"},"content":{"rendered":"<div>ROMA (ITALPRESS) &#8211; Si \u00e8 alzato il sipario sul XXVI Premio Internazionale Fair Play Menarini. Durante la conferenza stampa di presentazione dell&#8217;evento dedicato ai valori dell&#8217;etica sportiva, al Salone d&#8217;Onore del Coni, la Fondazione Fair Play Menarini ha svelato i nomi dei vincitori del premio (nato nel 1997) che porter\u00e0 a Firenze e a Castiglion Fiorentino (Arezzo) personaggi di assoluto rilievo. Dalla &#8220;Divina&#8221; Federica Pellegrini al fenomeno della &#8220;gara del secolo&#8221; Ian Thorpe, fino alla campionessa dei record Tania Cagnotto. Verranno premiati anche il celebre allenatore argentino Marcelo Bielsa, gli ex centrocampisti Massimo Ambrosini e Roberto Donadoni, Fabrizio Ravanelli (a lui il Premio Speciale Paolo Rossi categoria &#8220;Modello per i giovani&#8221;), l&#8217;ex campione di motociclismo Casey Stoner, la sammarinese del tiro a volo Alessandra Perilli, l&#8217;ex pallavolista e allenatore Marco Bracci, il taekwondoka Vito Dell&#8217;Aquila, Stefania Constantini del curling e gli sciatori paralimpici Giacomo Bertagnolli e Andrea Ravelli. Non solo atleti professionisti fra i destinatari delle targhe: il Premio Speciale Franco Lauro &#8220;Narrare le emozioni&#8221; andr\u00e0 al giornalista Giorgio Porr\u00e0, mentre Beatrice Coradeschi \u00e8 la giovane promessa del taekwondo vincitrice del Premio speciale Fiamme Gialle &#8220;Studio e Sport&#8221;. &#8220;Etica e fair play guidano il nostro percorso di vita e sono la forza dello sport&#8221; ha dichiarato Silvia Salis, vicepresidente del Coni, durante la conferenza stampa. Il numero uno del Comitato Olimpico, Giovanni Malag\u00f2, ha inviato un videomessaggio dichiarandosi &#8220;orgoglioso&#8221; per la longevit\u00e0 del premio. Sar\u00e0 Firenze ad accogliere il 5 luglio al Salone dei Cinquecento le leggende dello sport per il talk show &#8220;I campioni si raccontano&#8221;. Sempre a Firenze, il giorno successivo, si conferma l&#8217;appuntamento con la tradizionale Cena di gala Menarini. La cerimonia di premiazione avr\u00e0 luogo invece a Castiglion Fiorentino, gioved\u00ec 7 luglio. &#8220;Abbiamo alle spalle il primo quarto di secolo della manifestazione, ma abbiamo lo sguardo rivolto al futuro per celebrare al meglio questa e le prossime edizioni, che saranno ricche di sorprese e grandi sportivi&#8221; il commento di Ennio Troiano, membro del board della Fondazione Fair Play Menarini.<br \/>&#8211; foto spf\/Italpress &#8211;<br \/>(ITALPRESS).<\/div>\n<div id=\"div-gpt-ad-Messinaoggi.it-DSK-300x250-corpoart\" style=\"text-align:center;margin:0 auto;\"><\/div><\/p><div id=\"videoincontent\" style=\"clear:both\";><\/div>","protected":false},"excerpt":{"rendered":"<p>ROMA (ITALPRESS) &#8211; Si \u00e8 alzato il sipario sul XXVI Premio Internazionale Fair Play Menarini. Durante la conferenza stampa di presentazione dell&#8217;evento dedicato ai valori dell&#8217;etica sportiva, al Salone d&#8217;Onore del Coni, la Fondazione Fair Play Menarini ha svelato i nomi dei vincitori del premio (nato nel 1997) che porter\u00e0 a Firenze e a Castiglion [&hellip;]<\/p>\n","protected":false},"author":18,"featured_media":112021,"comment_status":"closed","ping_status":"closed","sticky":false,"template":"","format":"standard","meta":{"ub_ctt_via":"","_mi_skip_tracking":false},"categories":[446],"tags":[783],"featured_image_src":"https:\/\/www.messinaoggi.it\/website\/wp-content\/uploads\/2022\/06\/20220623_0854.jpg","author_info":{"display_name":"Admin","author_link":"https:\/\/www.messinaoggi.it\/website\/author\/admin\/"},"digistream_id":0,"digistream":false,"_links":{"self":[{"href":"https:\/\/www.messinaoggi.it\/website\/wp-json\/wp\/v2\/posts\/112020"}],"collection":[{"href":"https:\/\/www.messinaoggi.it\/website\/wp-json\/wp\/v2\/posts"}],"about":[{"href":"https:\/\/www.messinaoggi.it\/website\/wp-json\/wp\/v2\/types\/post"}],"author":[{"embeddable":true,"href":"https:\/\/www.messinaoggi.it\/website\/wp-json\/wp\/v2\/users\/18"}],"replies":[{"embeddable":true,"href":"https:\/\/www.messinaoggi.it\/website\/wp-json\/wp\/v2\/comments?post=112020"}],"version-history":[{"count":0,"href":"https:\/\/www.messinaoggi.it\/website\/wp-json\/wp\/v2\/posts\/112020\/revisions"}],"wp:featuredmedia":[{"embeddable":true,"href":"https:\/\/www.messinaoggi.it\/website\/wp-json\/wp\/v2\/media\/112021"}],"wp:attachment":[{"href":"https:\/\/www.messinaoggi.it\/website\/wp-json\/wp\/v2\/media?parent=112020"}],"wp:term":[{"taxonomy":"category","embeddable":true,"href":"https:\/\/www.messinaoggi.it\/website\/wp-json\/wp\/v2\/categories?post=112020"},{"taxonomy":"post_tag","embeddable":true,"href":"https:\/\/www.messinaoggi.it\/website\/wp-json\/wp\/v2\/tags?post=112020"}],"curies":[{"name":"wp","href":"https:\/\/api.w.org\/{rel}","templated":true}]}}