{"id":11201,"date":"2017-11-10T10:24:34","date_gmt":"2017-11-10T09:24:34","guid":{"rendered":"http:\/\/www.messinaoggi.it\/website\/?p=11201"},"modified":"2017-11-10T10:24:34","modified_gmt":"2017-11-10T09:24:34","slug":"musumeci-stoppa-il-toto-nomine-decido-io-micciche-in-pole-per-la-presidenza-dellars","status":"publish","type":"post","link":"https:\/\/www.messinaoggi.it\/website\/2017\/11\/10\/musumeci-stoppa-il-toto-nomine-decido-io-micciche-in-pole-per-la-presidenza-dellars\/","title":{"rendered":"Musumeci stoppa il toto-nomine: &quot;Decido io&quot;. Miccich\u00e8 in pole per la presidenza dell&#039;Ars"},"content":{"rendered":"<p>Chiusa la parentesi elettorale, \u00e8 tempo di toto-nomine in Sicilia. Con voci e indiscrezioni sulla Giunta e la burocrazia regionale, in particolare il cambio del segretario generale della Regione, che costringono il presidente Nello Musumeci a bloccarle sul nascere: &#8220;E&#8217; uno sport che non mi appassiona perch\u00e9 alimenta la convinzione che nulla sia cambiato&#8221;. E da iscritto all&#8217;Ordine dei giornalisti, il governatore usa toni concilianti: &#8220;Poich\u00e9 non \u00e8 cosi&#8217;, desidero informare i colleghi della stampa che il nostro metodo di lavoro sar\u00e0 improntato ad un&#8217;effettiva discontinuita&#8217;, nei comportamenti e nei toni, con il recente passato.<br \/>\nIncontrero&#8217; le forze politiche della maggioranza &#8211; spiega &#8211; e raccogliero&#8217; ogni indicazione nel rispetto del ruolo di ciascuno, quindi, adottero&#8217; le decisioni che riterr\u00f2 pi\u00f9 giuste e, finalmente, inizieremo a lavorare&#8221;. Il vertice, sussurrano fonti di Fi, dovrebbe tenersi la prossima settimana: sul tavolo la nomina degli assessori con la distribuzione delle deleghe e l&#8217;elezione dell&#8217;ufficio di presidenza e delle commissioni parlamentari di Palazzo dei Normanni.<br \/>\nIn attesa della proclamazione degli eletti, gli sherpa della coalizione sono al lavoro: il nome in pole position per la presidenza dell&#8217;Ars \u00e8 quello di Gianfranco Miccich\u00e8, che ha gi\u00e0 ricoperto il ruolo due legislature fa. In questa chiave, sara&#8217; fondamentale il dialogo con le opposizioni, ai quali per prassi istituzionale dovrebbe andare la vice presidenza.<br \/>\nDifficile che il M5s, il gruppo parlamentare piu&#8217; folto con 20 deputati, sia della partita. E allora il Centrodestra guarda verso il Pd, il secondo gruppo della minoranza, che conta 11 onorevoli e che potrebbe avere la vice presidenza dell&#8217;Ars con un accordo in tasca.<br \/>\nLa maggioranza del resto in aula e&#8217; risicata, appena un deputato in piu&#8217; (36 su 70) e con l&#8217;incognita di Cateno De Luca, il parlamentare Udc arrestato per evasione fiscale, il cui insediamento sta creando un rompicapo: l&#8217;Assemblea dovrebbe insediarsi, dopo la proclamazione che avverr\u00e0 a giorni degli eletti, all&#8217;inizio di dicembre ma se in quella data De Luca sara&#8217; ancora ai domiciliari alla prima seduta parlamentare la maggioranza si ritroverebbe con un voto in meno proprio nel giorno dell&#8217;elezione della presidenza.<br \/>\nOggi, intanto, \u00e8 prevista la sentenza del Tribunale di\u00a0Messina\u00a0del processo in cui De Luca \u00e8 imputato di tentata concussione e falso in atto pubblico: reati che rientrano nella legge Severino. Su questo sono al lavoro i costituzionalisti e gli esperti di diritto.<div id=\"div-gpt-ad-Messinaoggi.it-DSK-300x250-corpoart\" style=\"text-align:center;margin:0 auto;\"><\/div><\/p>\n<div id=\"videoincontent\" style=\"clear:both\";><\/div>","protected":false},"excerpt":{"rendered":"<p>Chiusa la parentesi elettorale, \u00e8 tempo di toto-nomine in Sicilia. Con voci e indiscrezioni sulla Giunta e la burocrazia regionale, in particolare il cambio del segretario generale della Regione, che costringono il presidente Nello Musumeci a bloccarle sul nascere: &#8220;E&#8217; uno sport che non mi appassiona perch\u00e9 alimenta la convinzione che nulla sia cambiato&#8221;. E [&hellip;]<\/p>\n","protected":false},"author":2,"featured_media":7124,"comment_status":"closed","ping_status":"open","sticky":false,"template":"","format":"standard","meta":{"ub_ctt_via":"","_mi_skip_tracking":false},"categories":[11],"tags":[],"featured_image_src":"https:\/\/www.messinaoggi.it\/website\/wp-content\/uploads\/2017\/09\/IMG-20170901-WA0014-1-2.jpg","author_info":{"display_name":"Redazione","author_link":"https:\/\/www.messinaoggi.it\/website\/author\/redazione\/"},"digistream_id":0,"digistream":false,"_links":{"self":[{"href":"https:\/\/www.messinaoggi.it\/website\/wp-json\/wp\/v2\/posts\/11201"}],"collection":[{"href":"https:\/\/www.messinaoggi.it\/website\/wp-json\/wp\/v2\/posts"}],"about":[{"href":"https:\/\/www.messinaoggi.it\/website\/wp-json\/wp\/v2\/types\/post"}],"author":[{"embeddable":true,"href":"https:\/\/www.messinaoggi.it\/website\/wp-json\/wp\/v2\/users\/2"}],"replies":[{"embeddable":true,"href":"https:\/\/www.messinaoggi.it\/website\/wp-json\/wp\/v2\/comments?post=11201"}],"version-history":[{"count":0,"href":"https:\/\/www.messinaoggi.it\/website\/wp-json\/wp\/v2\/posts\/11201\/revisions"}],"wp:featuredmedia":[{"embeddable":true,"href":"https:\/\/www.messinaoggi.it\/website\/wp-json\/wp\/v2\/media\/7124"}],"wp:attachment":[{"href":"https:\/\/www.messinaoggi.it\/website\/wp-json\/wp\/v2\/media?parent=11201"}],"wp:term":[{"taxonomy":"category","embeddable":true,"href":"https:\/\/www.messinaoggi.it\/website\/wp-json\/wp\/v2\/categories?post=11201"},{"taxonomy":"post_tag","embeddable":true,"href":"https:\/\/www.messinaoggi.it\/website\/wp-json\/wp\/v2\/tags?post=11201"}],"curies":[{"name":"wp","href":"https:\/\/api.w.org\/{rel}","templated":true}]}}