{"id":111996,"date":"2022-06-23T13:07:33","date_gmt":"2022-06-23T11:07:33","guid":{"rendered":"https:\/\/www.messinaoggi.it\/website\/2022\/06\/23\/confintesa-si-apre-a-roma-la-seconda-conferenza-programmatica\/"},"modified":"2022-06-23T13:07:33","modified_gmt":"2022-06-23T11:07:33","slug":"confintesa-si-apre-a-roma-la-seconda-conferenza-programmatica","status":"publish","type":"post","link":"https:\/\/www.messinaoggi.it\/website\/2022\/06\/23\/confintesa-si-apre-a-roma-la-seconda-conferenza-programmatica\/","title":{"rendered":"Confintesa, si apre a Roma la seconda Conferenza Programmatica"},"content":{"rendered":"<div>ROMA (ITALPRESS) &#8211; Si terr\u00e0 a Roma presso l&#8217;Hotel Cristoforo Colombo la seconda Conferenza Programmatica di Confintesa.<br \/>I lavori inizieranno venerd\u00ec 24 giugno e si chiuderanno sabato 25 giugno con l&#8217;approvazione di un documento che getter\u00e0 le basi per le attivit\u00e0 del prossimo triennio.<br \/>La Conferenza, cui parteciperanno oltre 250 delegati provenienti da tutta Italia, sar\u00e0 aperta dalla relazione del Segretario Generale di Confintesa, Francesco Prudenzano, cui seguiranno gli interventi dei delegati.<br \/>&#8220;Confintesa intende, con questo evento, porre in evidenza la grave crisi sociale che sta investendo il mondo del lavoro nel nostro Paese e offrire alla Politica e al Governo proposte di soluzioni che possano alleggerire lo stato di tensione che si respira su tutto il territorio nazionale &#8211; si legge in una nota -. Confintesa, in particolare, intende porre l&#8217;accento sulle crisi aziendali che, da nord a sud, stanno tagliando migliaia di posti di lavoro soprattutto per effetto di una delocalizzazione che vede le imprese trasferire gli insediamenti industriali presso altri Paesi Europei ed extra Europei&#8221;.<br \/>I delegati saranno, inoltre, chiamati a dibattere sulle varie problematiche che affliggono il mondo del lavoro a partire dalla Sicurezza sui Luoghi di lavoro, che vede quotidianamente aumentare gli incidenti e le morti sul lavoro, o sulla necessit\u00e0 di inserire per legge il Salario Minimo Legale che viene utilizzato in molti altri Paesi.<br \/>Un altro aspetto, su cui Confintesa intende porre l&#8217;attenzione del Governo e delle parti sociali, &#8220;\u00e8 dato dalla necessit\u00e0 di attuare quanto disposto dall&#8217;articolo 39 della Costituzione Italiana in merito alla rappresentativit\u00e0 delle Organizzazioni Sindacali che oggi \u00e8 affidata, nel privato, all&#8217;autocertificazione e che vede solo alcune sigle sindacali discutere con i Governi di questioni che riguardano tutti i cittadini &#8211; prosegue la nota -. Confintesa ritiene che il modello utilizzato per il pubblico impiego, per misurare la reale rappresentativit\u00e0 delle singole Organizzazioni Sindacali, debba essere applicato anche nel settore privato al fine di evitare spiacevoli e antidemocratiche discriminazioni&#8221;.<br \/>Durante la due giorni romana ci saranno anche momenti di approfondimento e di confronto con altre parti sociali ed esponenti della politica e delle Istituzioni.<div id=\"div-gpt-ad-Messinaoggi.it-DSK-300x250-corpoart\" style=\"text-align:center;margin:0 auto;\"><\/div><\/p>\n<p>&#8211; foto ufficio stampa Confintesa &#8211;<div id=\"videoincontent\" style=\"clear:both\";><\/div><\/p>\n<p>(ITALPRESS).<\/p><\/div>\n","protected":false},"excerpt":{"rendered":"<p>ROMA (ITALPRESS) &#8211; Si terr\u00e0 a Roma presso l&#8217;Hotel Cristoforo Colombo la seconda Conferenza Programmatica di Confintesa.I lavori inizieranno venerd\u00ec 24 giugno e si chiuderanno sabato 25 giugno con l&#8217;approvazione di un documento che getter\u00e0 le basi per le attivit\u00e0 del prossimo triennio.La Conferenza, cui parteciperanno oltre 250 delegati provenienti da tutta Italia, sar\u00e0 aperta [&hellip;]<\/p>\n","protected":false},"author":18,"featured_media":111997,"comment_status":"closed","ping_status":"closed","sticky":false,"template":"","format":"standard","meta":{"ub_ctt_via":"","_mi_skip_tracking":false},"categories":[446],"tags":[783],"featured_image_src":"https:\/\/www.messinaoggi.it\/website\/wp-content\/uploads\/2022\/06\/20220623_0427.jpg","author_info":{"display_name":"Admin","author_link":"https:\/\/www.messinaoggi.it\/website\/author\/admin\/"},"digistream_id":0,"digistream":false,"_links":{"self":[{"href":"https:\/\/www.messinaoggi.it\/website\/wp-json\/wp\/v2\/posts\/111996"}],"collection":[{"href":"https:\/\/www.messinaoggi.it\/website\/wp-json\/wp\/v2\/posts"}],"about":[{"href":"https:\/\/www.messinaoggi.it\/website\/wp-json\/wp\/v2\/types\/post"}],"author":[{"embeddable":true,"href":"https:\/\/www.messinaoggi.it\/website\/wp-json\/wp\/v2\/users\/18"}],"replies":[{"embeddable":true,"href":"https:\/\/www.messinaoggi.it\/website\/wp-json\/wp\/v2\/comments?post=111996"}],"version-history":[{"count":0,"href":"https:\/\/www.messinaoggi.it\/website\/wp-json\/wp\/v2\/posts\/111996\/revisions"}],"wp:featuredmedia":[{"embeddable":true,"href":"https:\/\/www.messinaoggi.it\/website\/wp-json\/wp\/v2\/media\/111997"}],"wp:attachment":[{"href":"https:\/\/www.messinaoggi.it\/website\/wp-json\/wp\/v2\/media?parent=111996"}],"wp:term":[{"taxonomy":"category","embeddable":true,"href":"https:\/\/www.messinaoggi.it\/website\/wp-json\/wp\/v2\/categories?post=111996"},{"taxonomy":"post_tag","embeddable":true,"href":"https:\/\/www.messinaoggi.it\/website\/wp-json\/wp\/v2\/tags?post=111996"}],"curies":[{"name":"wp","href":"https:\/\/api.w.org\/{rel}","templated":true}]}}