{"id":111994,"date":"2022-06-23T13:02:39","date_gmt":"2022-06-23T11:02:39","guid":{"rendered":"https:\/\/www.messinaoggi.it\/website\/2022\/06\/23\/regionali-sicilia-musumeci-non-mi-dimetto-e-non-svendo-ricandidatura\/"},"modified":"2022-06-23T13:02:39","modified_gmt":"2022-06-23T11:02:39","slug":"regionali-sicilia-musumeci-non-mi-dimetto-e-non-svendo-ricandidatura","status":"publish","type":"post","link":"https:\/\/www.messinaoggi.it\/website\/2022\/06\/23\/regionali-sicilia-musumeci-non-mi-dimetto-e-non-svendo-ricandidatura\/","title":{"rendered":"Regionali Sicilia, Musumeci \u201cNon mi dimetto e non svendo ricandidatura\u201d"},"content":{"rendered":"<div>\n<p>PALERMO (ITALPRESS) \u2013 \u201cLa mia non \u00e8 una scelta di resa, non mi sono mai arreso nella mia vita pubblica e privata, tranne quando il Padreterno ha voluto chiamare a s\u00e8 mio figlio. Non so cosa sia la parola resa. Per cui non mi dimetto, non voglio mollare, ho un impegno col popolo siciliano che mi ha eletto quasi cinque anni fa, fino all\u2019ultimo giorno servir\u00f2 la mia regione e il popolo siciliano\u201d. Lo ha detto il presidente della Regione Siciliana, Nello Musumeci, in una conferenza stampa a Palazzo Orleans sulle future elezioni regionali: \u201cVado a schiena dritta con l\u2019entusiasmo primo giorno, continuer\u00f2 a inaugurare e a presenziare a eventi e quant\u2019altro \u2013 ha aggiunto il governatore \u2013 E\u2019 una scelta di responsabilit\u00e0, so che \u00e8 un arnese fuori uso ma io lo conservo tra gli attrezzi pi\u00f9 importanti. La mia scelta \u00e8 per non indebolire il centrodestra\u201d. <br \/>\u201cNon svendo la mia futura candidatura per un posto a Roma da senatore o chiss\u00e0 cosa altro. Non accetto compromessi, n\u00e8 la Meloni ha mai proposto a me un baratto del genere. Conosce bene la mia moralit\u00e0 e io conosco lei\u201d continua Musumeci.\u201dO raccolgo quello che ho seminato in questi cinque anni \u2013 ha aggiunto il governatore siciliano \u2013 Oppure mi faccio da parte, continuer\u00f2 a fare politica da militante\u201d.<div id=\"div-gpt-ad-Messinaoggi.it-DSK-300x250-corpoart\" style=\"text-align:center;margin:0 auto;\"><\/div><\/p>\n<p>\u2013 foto: xd7<br \/>(ITALPRESS).<div id=\"videoincontent\" style=\"clear:both\";><\/div><\/p>\n<\/div>\n","protected":false},"excerpt":{"rendered":"<p>PALERMO (ITALPRESS) \u2013 \u201cLa mia non \u00e8 una scelta di resa, non mi sono mai arreso nella mia vita pubblica e privata, tranne quando il Padreterno ha voluto chiamare a s\u00e8 mio figlio. Non so cosa sia la parola resa. Per cui non mi dimetto, non voglio mollare, ho un impegno col popolo siciliano che [&hellip;]<\/p>\n","protected":false},"author":18,"featured_media":111995,"comment_status":"closed","ping_status":"closed","sticky":false,"template":"","format":"standard","meta":{"ub_ctt_via":"","_mi_skip_tracking":false},"categories":[2449],"tags":[783],"featured_image_src":"https:\/\/www.messinaoggi.it\/website\/wp-content\/uploads\/2022\/06\/20220623_0618.jpg","author_info":{"display_name":"Admin","author_link":"https:\/\/www.messinaoggi.it\/website\/author\/admin\/"},"digistream_id":0,"digistream":false,"_links":{"self":[{"href":"https:\/\/www.messinaoggi.it\/website\/wp-json\/wp\/v2\/posts\/111994"}],"collection":[{"href":"https:\/\/www.messinaoggi.it\/website\/wp-json\/wp\/v2\/posts"}],"about":[{"href":"https:\/\/www.messinaoggi.it\/website\/wp-json\/wp\/v2\/types\/post"}],"author":[{"embeddable":true,"href":"https:\/\/www.messinaoggi.it\/website\/wp-json\/wp\/v2\/users\/18"}],"replies":[{"embeddable":true,"href":"https:\/\/www.messinaoggi.it\/website\/wp-json\/wp\/v2\/comments?post=111994"}],"version-history":[{"count":0,"href":"https:\/\/www.messinaoggi.it\/website\/wp-json\/wp\/v2\/posts\/111994\/revisions"}],"wp:featuredmedia":[{"embeddable":true,"href":"https:\/\/www.messinaoggi.it\/website\/wp-json\/wp\/v2\/media\/111995"}],"wp:attachment":[{"href":"https:\/\/www.messinaoggi.it\/website\/wp-json\/wp\/v2\/media?parent=111994"}],"wp:term":[{"taxonomy":"category","embeddable":true,"href":"https:\/\/www.messinaoggi.it\/website\/wp-json\/wp\/v2\/categories?post=111994"},{"taxonomy":"post_tag","embeddable":true,"href":"https:\/\/www.messinaoggi.it\/website\/wp-json\/wp\/v2\/tags?post=111994"}],"curies":[{"name":"wp","href":"https:\/\/api.w.org\/{rel}","templated":true}]}}