{"id":111992,"date":"2022-06-23T12:07:33","date_gmt":"2022-06-23T10:07:33","guid":{"rendered":"https:\/\/www.messinaoggi.it\/website\/2022\/06\/23\/activia-e-marco-bianchi-insieme-contro-lo-spreco-alimentare\/"},"modified":"2022-06-23T12:07:33","modified_gmt":"2022-06-23T10:07:33","slug":"activia-e-marco-bianchi-insieme-contro-lo-spreco-alimentare","status":"publish","type":"post","link":"https:\/\/www.messinaoggi.it\/website\/2022\/06\/23\/activia-e-marco-bianchi-insieme-contro-lo-spreco-alimentare\/","title":{"rendered":"Activia e Marco Bianchi insieme contro lo spreco alimentare"},"content":{"rendered":"<div>MILANO (ITALPRESS) &#8211; Ogni anno in Italia si spreca cibo per un valore di 10 miliardi, spreco che si sviluppa lungo tutta la filiera alimentare e non arriva sulle tavole dei consumatori. Partendo da questo problema non pi\u00f9 eticamente accettabile e sostenibile, Activia ha voluto promuovere una campagna di sensibilizzazione dei consumatori sulla necessit\u00e0 di impegnarsi con piccoli gesti nella vita quotidiana a fare ognuno la propria parte per limitarne lo spreco e per scoprire in che modo, anche ci\u00f2 che a torto \u00e8 considerato uno scarto o prossimo alla scadenza, pu\u00f2 &#8220;tornare a nuova vita&#8221; attraverso nuove ricette e tanta creativit\u00e0.<br \/>Alleato di questo percorso \u00e8 Marco Bianchi, food mentor e divulgatore scientifico fortemente impegnato a raccontare stili di vita pi\u00f9 sani e sostenibili a partire da ci\u00f2 che cuciniamo e mettiamo nel piatto. Insieme presentano la campagna &#8220;La lotta allo spreco \u00e8 gi\u00e0 sulla bocca di tutti&#8221;, che vivr\u00e0 sulle principali piattaforme social (Facebook e Instagram) di Marco Bianchi e di Activia, nei punti vendita e che rappresenta una vera e propria chiamata all&#8217;azione per tutti i consumatori.<br \/>Questa campagna rientra all&#8217;interno del pi\u00f9 ampio impegno di Danone verso la sostenibilit\u00e0 che trova applicazione nel progetto Zero3, ovvero zero emissioni, zero plastica in natura e, appunto, zero sprechi alimentari.<br \/>&#8220;Activia \u00e8 il nostro brand di riferimento nella lotta allo spreco e attraverso questa campagna vogliamo valorizzare un ulteriore passo del nostro percorso verso la sostenibilit\u00e0: abbiamo introdotto sulle etichette delle nostre confezioni, nella data di scadenza l&#8217;avverbio &#8220;preferibilmente&#8221;, un termine semplice ma che pu\u00f2 fare la differenza. Vogliamo invitare i consumatori ad utilizzare i propri sensi, ovvero vista, olfatto e gusto, prima di gettare un prodotto anche dopo la data indicata e svolgere cos\u00ec un ruolo importante nella lotta allo spreco. Insieme a Marco Bianchi vogliamo che questo messaggio possa arrivare a quante pi\u00f9 persone possibili&#8221;, afferma Jordi Guitart, Direttore Marketing di Danone Italia. <br \/>&#8220;Sono felice di poter essere in prima linea con Activia per la lotta allo spreco alimentare, che \u00e8 qualcosa che non tollero assolutamente. Con questa campagna vogliamo spiegare come tutti possono contribuire a evitarlo imparando a cucinare come prima cosa e comprendendo che tutto pu\u00f2 avere una seconda vita. Bastano piccoli accorgimenti, dall&#8217;acquistare le giuste quantit\u00e0 di alimenti all&#8217;essere consapevoli che i prodotti dopo la scadenza possono ancora essere buoni e sicuri&#8221;, afferma Marco Bianchi.<br \/>Nello specifico, la campagna vedr\u00e0 Activia e Marco Bianchi mettere a punto, nei mesi di giugno, luglio e settembre, contenuti educational realizzati in formati differenti, a seconda delle piattaforme, pensati sia per regalare piccoli trucchi su come ridurre lo spreco alimentare in cucina (attraverso ricette creative e alla portata di tutti) che fare divulgazione attraverso l&#8217;intrattenimento su un problema per il quale occorre il supporto e l&#8217;ingaggio di tutti.<div id=\"div-gpt-ad-Messinaoggi.it-DSK-300x250-corpoart\" style=\"text-align:center;margin:0 auto;\"><\/div><\/p>\n<p>&#8211; foto Italpress &#8211;<div id=\"videoincontent\" style=\"clear:both\";><\/div><\/p>\n<p>(ITALPRESS).<\/p><\/div>\n","protected":false},"excerpt":{"rendered":"<p>MILANO (ITALPRESS) &#8211; Ogni anno in Italia si spreca cibo per un valore di 10 miliardi, spreco che si sviluppa lungo tutta la filiera alimentare e non arriva sulle tavole dei consumatori. Partendo da questo problema non pi\u00f9 eticamente accettabile e sostenibile, Activia ha voluto promuovere una campagna di sensibilizzazione dei consumatori sulla necessit\u00e0 di [&hellip;]<\/p>\n","protected":false},"author":18,"featured_media":111993,"comment_status":"closed","ping_status":"closed","sticky":false,"template":"","format":"standard","meta":{"ub_ctt_via":"","_mi_skip_tracking":false},"categories":[446],"tags":[783],"featured_image_src":"https:\/\/www.messinaoggi.it\/website\/wp-content\/uploads\/2022\/06\/20220623_0363.jpg","author_info":{"display_name":"Admin","author_link":"https:\/\/www.messinaoggi.it\/website\/author\/admin\/"},"digistream_id":0,"digistream":false,"_links":{"self":[{"href":"https:\/\/www.messinaoggi.it\/website\/wp-json\/wp\/v2\/posts\/111992"}],"collection":[{"href":"https:\/\/www.messinaoggi.it\/website\/wp-json\/wp\/v2\/posts"}],"about":[{"href":"https:\/\/www.messinaoggi.it\/website\/wp-json\/wp\/v2\/types\/post"}],"author":[{"embeddable":true,"href":"https:\/\/www.messinaoggi.it\/website\/wp-json\/wp\/v2\/users\/18"}],"replies":[{"embeddable":true,"href":"https:\/\/www.messinaoggi.it\/website\/wp-json\/wp\/v2\/comments?post=111992"}],"version-history":[{"count":0,"href":"https:\/\/www.messinaoggi.it\/website\/wp-json\/wp\/v2\/posts\/111992\/revisions"}],"wp:featuredmedia":[{"embeddable":true,"href":"https:\/\/www.messinaoggi.it\/website\/wp-json\/wp\/v2\/media\/111993"}],"wp:attachment":[{"href":"https:\/\/www.messinaoggi.it\/website\/wp-json\/wp\/v2\/media?parent=111992"}],"wp:term":[{"taxonomy":"category","embeddable":true,"href":"https:\/\/www.messinaoggi.it\/website\/wp-json\/wp\/v2\/categories?post=111992"},{"taxonomy":"post_tag","embeddable":true,"href":"https:\/\/www.messinaoggi.it\/website\/wp-json\/wp\/v2\/tags?post=111992"}],"curies":[{"name":"wp","href":"https:\/\/api.w.org\/{rel}","templated":true}]}}