{"id":111976,"date":"2022-06-23T09:07:33","date_gmt":"2022-06-23T07:07:33","guid":{"rendered":"https:\/\/www.messinaoggi.it\/website\/2022\/06\/23\/ucraina-johnson-ce-un-rischio-stanchezza-ma-loccidente-e-unito\/"},"modified":"2022-06-23T09:07:33","modified_gmt":"2022-06-23T07:07:33","slug":"ucraina-johnson-ce-un-rischio-stanchezza-ma-loccidente-e-unito","status":"publish","type":"post","link":"https:\/\/www.messinaoggi.it\/website\/2022\/06\/23\/ucraina-johnson-ce-un-rischio-stanchezza-ma-loccidente-e-unito\/","title":{"rendered":"Ucraina, Johnson \u201cC\u2019\u00e8 un rischio stanchezza, ma l\u2019Occidente \u00e8 unito\u201d"},"content":{"rendered":"<div>ROMA (ITALPRESS) &#8211; &#8220;C&#8217;\u00e8 il rischio di una stanchezza sull&#8217;Ucraina, che la gente non riesca a vedere che questa \u00e8 una battaglia vitale per i nostri valori, per il mondo. I costi dell&#8217;energia, la spinta dell&#8217;inflazione, i prezzi del cibo stanno avendo un impatto sulla fermezza delle persone, ma questo non sta avendo un impatto sulla fermezza del Regno Unito&#8221;. Lo afferma in un&#8217;intervista al Corriere della Sera il primo ministro britannico Boris Johnson.<br \/>\n&#8220;Crediamo che si debbano aiutare gli ucraini a ottenere una capacit\u00e0 di resistenza strategica, devono continuare ad andare avanti &#8211; aggiunge -. Ma non possiamo essere pi\u00f9 ucraini degli ucraini, \u00e8 la loro crisi, loro devono decidere cosa vogliono fare. Ma \u00e8 assolutamente chiaro, se vai l\u00ec e parli con gli ucraini, con Zelensky, che loro non cederanno territori in cambio della pace, non faranno un cattivo accordo. Non vogliono essere forzati a un negoziato, non acconsentiranno a un conflitto congelato nel quale Putin \u00e8 in grado di continuare a minacciare ulteriore violenza e aggressione. Il territorio ucraino deve essere restaurato, almeno nei confini prima del 24 febbraio, la sovranit\u00e0 e la sicurezza dell&#8217;Ucraina devono essere protette. E dunque s\u00ec, c&#8217;\u00e8 una stanchezza, ma \u00e8 qualcosa che dobbiamo affrontare, dobbiamo continuare a perorare la causa col nostro elettorato e le nostre popolazioni. Ma trovo che l&#8217;unit\u00e0 dell&#8217;Occidente sia ben pi\u00f9 evidente delle divisioni&#8221;.<div id=\"div-gpt-ad-Messinaoggi.it-DSK-300x250-corpoart\" style=\"text-align:center;margin:0 auto;\"><\/div><\/p>\n<p>&#8211; foto agenziafotogramma.it &#8211;<div id=\"videoincontent\" style=\"clear:both\";><\/div><\/p>\n<p>(ITALPRESS).<\/p><\/div>\n","protected":false},"excerpt":{"rendered":"<p>ROMA (ITALPRESS) &#8211; &#8220;C&#8217;\u00e8 il rischio di una stanchezza sull&#8217;Ucraina, che la gente non riesca a vedere che questa \u00e8 una battaglia vitale per i nostri valori, per il mondo. I costi dell&#8217;energia, la spinta dell&#8217;inflazione, i prezzi del cibo stanno avendo un impatto sulla fermezza delle persone, ma questo non sta avendo un impatto [&hellip;]<\/p>\n","protected":false},"author":18,"featured_media":111977,"comment_status":"closed","ping_status":"closed","sticky":false,"template":"","format":"standard","meta":{"ub_ctt_via":"","_mi_skip_tracking":false},"categories":[446],"tags":[783],"featured_image_src":"https:\/\/www.messinaoggi.it\/website\/wp-content\/uploads\/2022\/06\/20220623_0059.jpg","author_info":{"display_name":"Admin","author_link":"https:\/\/www.messinaoggi.it\/website\/author\/admin\/"},"digistream_id":0,"digistream":false,"_links":{"self":[{"href":"https:\/\/www.messinaoggi.it\/website\/wp-json\/wp\/v2\/posts\/111976"}],"collection":[{"href":"https:\/\/www.messinaoggi.it\/website\/wp-json\/wp\/v2\/posts"}],"about":[{"href":"https:\/\/www.messinaoggi.it\/website\/wp-json\/wp\/v2\/types\/post"}],"author":[{"embeddable":true,"href":"https:\/\/www.messinaoggi.it\/website\/wp-json\/wp\/v2\/users\/18"}],"replies":[{"embeddable":true,"href":"https:\/\/www.messinaoggi.it\/website\/wp-json\/wp\/v2\/comments?post=111976"}],"version-history":[{"count":0,"href":"https:\/\/www.messinaoggi.it\/website\/wp-json\/wp\/v2\/posts\/111976\/revisions"}],"wp:featuredmedia":[{"embeddable":true,"href":"https:\/\/www.messinaoggi.it\/website\/wp-json\/wp\/v2\/media\/111977"}],"wp:attachment":[{"href":"https:\/\/www.messinaoggi.it\/website\/wp-json\/wp\/v2\/media?parent=111976"}],"wp:term":[{"taxonomy":"category","embeddable":true,"href":"https:\/\/www.messinaoggi.it\/website\/wp-json\/wp\/v2\/categories?post=111976"},{"taxonomy":"post_tag","embeddable":true,"href":"https:\/\/www.messinaoggi.it\/website\/wp-json\/wp\/v2\/tags?post=111976"}],"curies":[{"name":"wp","href":"https:\/\/api.w.org\/{rel}","templated":true}]}}