{"id":111974,"date":"2022-06-22T21:07:37","date_gmt":"2022-06-22T19:07:37","guid":{"rendered":"https:\/\/www.messinaoggi.it\/website\/2022\/06\/22\/m5s-conte-forza-movimento-non-e-solo-nel-numero-dei-parlamentari\/"},"modified":"2022-06-22T21:07:37","modified_gmt":"2022-06-22T19:07:37","slug":"m5s-conte-forza-movimento-non-e-solo-nel-numero-dei-parlamentari","status":"publish","type":"post","link":"https:\/\/www.messinaoggi.it\/website\/2022\/06\/22\/m5s-conte-forza-movimento-non-e-solo-nel-numero-dei-parlamentari\/","title":{"rendered":"M5s, Conte \u201cForza movimento? Non \u00e8 solo nel numero dei parlamentari\u201d"},"content":{"rendered":"<div>ROMA (ITALPRESS) &#8211; &#8220;Se parliamo di forza del Movimento, penso che non possiamo risolverla solo nel numero di parlamentari. Come non la perse il PD quando se ne and\u00f2 Renzi. A noi ci penalizz\u00f2 la sentenza di Napoli e forse il progetto lo avremmo dovuto elaborare in pi\u00f9 breve tempo&#8230; Grillo? Ci siamo confrontati, siamo dispiaciuti umanamente ma Grillo \u00e8 dalla parte del Movimento e delle persone che ogni giorno si rimboccano le maniche per i suoi principi&#8221; cos\u00ec il presidente del Movimento 5 Stelle Giuseppe Conte, ospite di Lilli Gruber a Otto e mezzo su La7. &#8220;Lasciamo che si definisca questo gruppo e la loro azione, prima di dire se potremmo allearci con loro. A me sembra che si ricorrano delle velleit\u00e0 pi\u00f9 che di esprimere un progetto nuovo. Mi sembra che si punti soprattutto ad occupare uno spazio, ma c&#8217;\u00e8 un affollamento pazzesco al Centro, ma cos\u00ec la politica rischia di essere determinata dai personalismi&#8230; Io a Di Maio gli auguro comunque buona fortuna&#8221;, quindi conclude: &#8220;Si figuri se non voglio parlare a Luigi Di Maio&#8230; Ma noi abbiamo dei progetti politici precisi e degli obiettivi&#8230; Chi ci sta, bene. A partire dal PD, con cui c&#8217;\u00e8 gi\u00e0 un dialogo in corso. Per noi la politica non \u00e8 stringere mani&#8221;.<div id=\"div-gpt-ad-Messinaoggi.it-DSK-300x250-corpoart\" style=\"text-align:center;margin:0 auto;\"><\/div><\/p>\n<p>Foto: agenziafotogramma.it<br \/>(ITALPRESS).<\/div>\n<div id=\"videoincontent\" style=\"clear:both\";><\/div>","protected":false},"excerpt":{"rendered":"<p>ROMA (ITALPRESS) &#8211; &#8220;Se parliamo di forza del Movimento, penso che non possiamo risolverla solo nel numero di parlamentari. Come non la perse il PD quando se ne and\u00f2 Renzi. A noi ci penalizz\u00f2 la sentenza di Napoli e forse il progetto lo avremmo dovuto elaborare in pi\u00f9 breve tempo&#8230; Grillo? Ci siamo confrontati, siamo [&hellip;]<\/p>\n","protected":false},"author":18,"featured_media":111975,"comment_status":"closed","ping_status":"closed","sticky":false,"template":"","format":"standard","meta":{"ub_ctt_via":"","_mi_skip_tracking":false},"categories":[446],"tags":[783],"featured_image_src":"https:\/\/www.messinaoggi.it\/website\/wp-content\/uploads\/2022\/06\/20220622_2510.jpg","author_info":{"display_name":"Admin","author_link":"https:\/\/www.messinaoggi.it\/website\/author\/admin\/"},"digistream_id":0,"digistream":false,"_links":{"self":[{"href":"https:\/\/www.messinaoggi.it\/website\/wp-json\/wp\/v2\/posts\/111974"}],"collection":[{"href":"https:\/\/www.messinaoggi.it\/website\/wp-json\/wp\/v2\/posts"}],"about":[{"href":"https:\/\/www.messinaoggi.it\/website\/wp-json\/wp\/v2\/types\/post"}],"author":[{"embeddable":true,"href":"https:\/\/www.messinaoggi.it\/website\/wp-json\/wp\/v2\/users\/18"}],"replies":[{"embeddable":true,"href":"https:\/\/www.messinaoggi.it\/website\/wp-json\/wp\/v2\/comments?post=111974"}],"version-history":[{"count":0,"href":"https:\/\/www.messinaoggi.it\/website\/wp-json\/wp\/v2\/posts\/111974\/revisions"}],"wp:featuredmedia":[{"embeddable":true,"href":"https:\/\/www.messinaoggi.it\/website\/wp-json\/wp\/v2\/media\/111975"}],"wp:attachment":[{"href":"https:\/\/www.messinaoggi.it\/website\/wp-json\/wp\/v2\/media?parent=111974"}],"wp:term":[{"taxonomy":"category","embeddable":true,"href":"https:\/\/www.messinaoggi.it\/website\/wp-json\/wp\/v2\/categories?post=111974"},{"taxonomy":"post_tag","embeddable":true,"href":"https:\/\/www.messinaoggi.it\/website\/wp-json\/wp\/v2\/tags?post=111974"}],"curies":[{"name":"wp","href":"https:\/\/api.w.org\/{rel}","templated":true}]}}