{"id":111972,"date":"2022-06-22T20:07:33","date_gmt":"2022-06-22T18:07:33","guid":{"rendered":"https:\/\/www.messinaoggi.it\/website\/2022\/06\/22\/bollette-dal-cdm-un-nuovo-decreto-contro-i-rincari\/"},"modified":"2022-06-22T20:07:33","modified_gmt":"2022-06-22T18:07:33","slug":"bollette-dal-cdm-un-nuovo-decreto-contro-i-rincari","status":"publish","type":"post","link":"https:\/\/www.messinaoggi.it\/website\/2022\/06\/22\/bollette-dal-cdm-un-nuovo-decreto-contro-i-rincari\/","title":{"rendered":"Bollette, dal Cdm un nuovo decreto contro i rincari"},"content":{"rendered":"<div>ROMA (ITALPRESS) &#8211; Il Consiglio dei ministri, su proposta del presidente Mario Draghi, del ministro dell&#8217;Economia e delle finanze Daniele Franco e del ministro della Transizione ecologica Roberto Cingolani, ha approvato un decreto-legge che introduce misure urgenti per il contenimento dei costi dell&#8217;energia elettrica e del gas naturale per il terzo trimestre 2022 e per garantire la liquidit\u00e0 delle imprese che effettuano stoccaggio di gas naturale.<br \/>Soddisfazione del ministro Giancarlo Giorgetti &#8220;non solo per il rinnovo dello sconto in bolletta per il prossimo trimestre ma anche perch\u00e8 il governo, nel corso del Cdm di oggi,<br \/>si \u00e8 espresso favorevolmente sull&#8217;opportunit\u00e0 e necessit\u00e0 che i<br \/>bonus luce e gas siano adeguatamente pubblicizzati, utilizzando<br \/>tutti gli strumenti possibili &#8211; si legge in una nota del Mise -. In primis ARERA dovr\u00e0 mettere in campo tutti gli strumenti per far conoscere agli utenti la possibilit\u00e0 di usufruire dello sconto che \u00e8 automatico solo se si presenta l&#8217;isee che non deve superare i 12mila euro annui. Giorgetti, nei mesi scorsi, aveva gi\u00e0 sollevato la questione che oggi ha nuovamente portato all&#8217;attenzione di tutto l&#8217;esecutivo&#8221;.<div id=\"div-gpt-ad-Messinaoggi.it-DSK-300x250-corpoart\" style=\"text-align:center;margin:0 auto;\"><\/div><\/p>\n<p>&#8211; foto agenziafotogramma.it &#8211;<div id=\"videoincontent\" style=\"clear:both\";><\/div><\/p>\n<p>(ITALPRESS).<\/p><\/div>\n","protected":false},"excerpt":{"rendered":"<p>ROMA (ITALPRESS) &#8211; Il Consiglio dei ministri, su proposta del presidente Mario Draghi, del ministro dell&#8217;Economia e delle finanze Daniele Franco e del ministro della Transizione ecologica Roberto Cingolani, ha approvato un decreto-legge che introduce misure urgenti per il contenimento dei costi dell&#8217;energia elettrica e del gas naturale per il terzo trimestre 2022 e per [&hellip;]<\/p>\n","protected":false},"author":18,"featured_media":111973,"comment_status":"closed","ping_status":"closed","sticky":false,"template":"","format":"standard","meta":{"ub_ctt_via":"","_mi_skip_tracking":false},"categories":[446],"tags":[783],"featured_image_src":"https:\/\/www.messinaoggi.it\/website\/wp-content\/uploads\/2022\/06\/20220622_2281.jpg","author_info":{"display_name":"Admin","author_link":"https:\/\/www.messinaoggi.it\/website\/author\/admin\/"},"digistream_id":0,"digistream":false,"_links":{"self":[{"href":"https:\/\/www.messinaoggi.it\/website\/wp-json\/wp\/v2\/posts\/111972"}],"collection":[{"href":"https:\/\/www.messinaoggi.it\/website\/wp-json\/wp\/v2\/posts"}],"about":[{"href":"https:\/\/www.messinaoggi.it\/website\/wp-json\/wp\/v2\/types\/post"}],"author":[{"embeddable":true,"href":"https:\/\/www.messinaoggi.it\/website\/wp-json\/wp\/v2\/users\/18"}],"replies":[{"embeddable":true,"href":"https:\/\/www.messinaoggi.it\/website\/wp-json\/wp\/v2\/comments?post=111972"}],"version-history":[{"count":0,"href":"https:\/\/www.messinaoggi.it\/website\/wp-json\/wp\/v2\/posts\/111972\/revisions"}],"wp:featuredmedia":[{"embeddable":true,"href":"https:\/\/www.messinaoggi.it\/website\/wp-json\/wp\/v2\/media\/111973"}],"wp:attachment":[{"href":"https:\/\/www.messinaoggi.it\/website\/wp-json\/wp\/v2\/media?parent=111972"}],"wp:term":[{"taxonomy":"category","embeddable":true,"href":"https:\/\/www.messinaoggi.it\/website\/wp-json\/wp\/v2\/categories?post=111972"},{"taxonomy":"post_tag","embeddable":true,"href":"https:\/\/www.messinaoggi.it\/website\/wp-json\/wp\/v2\/tags?post=111972"}],"curies":[{"name":"wp","href":"https:\/\/api.w.org\/{rel}","templated":true}]}}