{"id":111940,"date":"2022-06-22T18:32:48","date_gmt":"2022-06-22T16:32:48","guid":{"rendered":"http:\/\/www.messinaoggi.it\/website\/?p=111940"},"modified":"2022-06-22T19:07:12","modified_gmt":"2022-06-22T17:07:12","slug":"calcio-sciotto-iscrive-lacr-in-legapro","status":"publish","type":"post","link":"https:\/\/www.messinaoggi.it\/website\/2022\/06\/22\/calcio-sciotto-iscrive-lacr-in-legapro\/","title":{"rendered":"Calcio, Sciotto iscrive l\u2019Acr in LegaPro"},"content":{"rendered":"\n<p>Attesissima conferenza stampa quest\u2019oggi da parte del presidente del <strong>Messina Pietro Sciotto<\/strong>, che ha finalmente sciolto le riserve 48 ore dopo l\u2019incontro con il sindaco della citt\u00e0 metropolitana <strong>Federico Basile<\/strong> ed ha annunciato che ha gi\u00e0 depositato l\u2019iscrizione.<div id=\"div-gpt-ad-Messinaoggi.it-DSK-300x250-corpoart\" style=\"text-align:center;margin:0 auto;\"><\/div><\/p>\n\n\n\n<p>Queste di seguito le parole del patron biancoscudato:<div id=\"videoincontent\" style=\"clear:both\";><\/div><\/p>\n\n\n\n<p>\u201c<em>E\u2019 finito un incubo per me. Sono stati giorni tesi e complicati. Non potevo permettere che la squadra non si iscrivesse al campionato. E\u2019 una mia creatura, ho cercato di coinvolgere la citt\u00e0 e gli imprenditori, non c\u2019\u00e8 stata possibilit\u00e0. Io non sono un imprenditore che \u00e8 qui per interesse, sono il primo tifoso ed essere il presidente del Messina \u00e8 un sogno che non voglio perdere. Si \u00e8 capita l\u2019importanza del Messina da parte di tutti, sento che  ora \u00e8 il momento di fare qualcosa di grande. Non ho ricevuto alcuna rassicurazione n\u00e9 dalla citt\u00e0 e nemmeno dalle istituzioni, solo promesse, aspetto i fatti. Se decido di iscrivere la squadra significa che ho entusiasmo. Dico ai tifosi uniamoci e partiamo, mettiamo da parte i dissidi. A fine girone di andata eravamo ultimi, abbiamo fatto 26 punti nel ritorno e ci siamo salvati nonostante il fallimento del Catania. Non so ancora dire sul futuro dal punto di vista tecnico, \u00e8 stata una scelta fatta nella notte. Per la prima volta sento che partiremo tutti insieme, non voglio essere presuntuoso ma ho imparato molto da quest\u2019anno, sento di poter fare quanto era prefissato l\u2019anno scorso, un Messina di alta classifica. Il Messina ha bisogno di una casa, la squadra \u00e8 un gruppo, non possiamo costruire nulla senza strutture e luoghi dove stare. C\u2019\u00e8 poco da fare, dobbiamo partire dalla base, serve che tutto sia pronto per programmare qualcosa di grande. Non volevo un comunicato secco e freddo, volevo esternare davanti a tutta la citt\u00e0, la mia gioia<\/em>\u201c.<\/p>\n\n\n\n<p>tratto da sportmenews.it<\/p>\n","protected":false},"excerpt":{"rendered":"<p>Attesissima conferenza stampa quest\u2019oggi da parte del presidente del Messina Pietro Sciotto, che ha finalmente sciolto le riserve 48 ore dopo l\u2019incontro con il sindaco della citt\u00e0 metropolitana Federico Basile ed ha annunciato che ha gi\u00e0 depositato l\u2019iscrizione. Queste di seguito le parole del patron biancoscudato: \u201cE\u2019 finito un incubo per me. Sono stati giorni [&hellip;]<\/p>\n","protected":false},"author":2,"featured_media":111946,"comment_status":"open","ping_status":"open","sticky":false,"template":"","format":"standard","meta":{"ub_ctt_via":"","_mi_skip_tracking":false},"categories":[10,6,9],"tags":[24,242,3318],"featured_image_src":"https:\/\/www.messinaoggi.it\/website\/wp-content\/uploads\/2022\/06\/9F0726F2-CBD3-468B-8E54-C519D989C216.jpeg","author_info":{"display_name":"Redazione","author_link":"https:\/\/www.messinaoggi.it\/website\/author\/redazione\/"},"digistream_id":0,"digistream":false,"_links":{"self":[{"href":"https:\/\/www.messinaoggi.it\/website\/wp-json\/wp\/v2\/posts\/111940"}],"collection":[{"href":"https:\/\/www.messinaoggi.it\/website\/wp-json\/wp\/v2\/posts"}],"about":[{"href":"https:\/\/www.messinaoggi.it\/website\/wp-json\/wp\/v2\/types\/post"}],"author":[{"embeddable":true,"href":"https:\/\/www.messinaoggi.it\/website\/wp-json\/wp\/v2\/users\/2"}],"replies":[{"embeddable":true,"href":"https:\/\/www.messinaoggi.it\/website\/wp-json\/wp\/v2\/comments?post=111940"}],"version-history":[{"count":2,"href":"https:\/\/www.messinaoggi.it\/website\/wp-json\/wp\/v2\/posts\/111940\/revisions"}],"predecessor-version":[{"id":111947,"href":"https:\/\/www.messinaoggi.it\/website\/wp-json\/wp\/v2\/posts\/111940\/revisions\/111947"}],"wp:featuredmedia":[{"embeddable":true,"href":"https:\/\/www.messinaoggi.it\/website\/wp-json\/wp\/v2\/media\/111946"}],"wp:attachment":[{"href":"https:\/\/www.messinaoggi.it\/website\/wp-json\/wp\/v2\/media?parent=111940"}],"wp:term":[{"taxonomy":"category","embeddable":true,"href":"https:\/\/www.messinaoggi.it\/website\/wp-json\/wp\/v2\/categories?post=111940"},{"taxonomy":"post_tag","embeddable":true,"href":"https:\/\/www.messinaoggi.it\/website\/wp-json\/wp\/v2\/tags?post=111940"}],"curies":[{"name":"wp","href":"https:\/\/api.w.org\/{rel}","templated":true}]}}