{"id":111901,"date":"2022-06-22T14:07:44","date_gmt":"2022-06-22T12:07:44","guid":{"rendered":"https:\/\/www.messinaoggi.it\/website\/2022\/06\/22\/ucraina-meloni-governo-privo-di-visione-posizione-italia-non-chiara\/"},"modified":"2022-06-22T14:07:44","modified_gmt":"2022-06-22T12:07:44","slug":"ucraina-meloni-governo-privo-di-visione-posizione-italia-non-chiara","status":"publish","type":"post","link":"https:\/\/www.messinaoggi.it\/website\/2022\/06\/22\/ucraina-meloni-governo-privo-di-visione-posizione-italia-non-chiara\/","title":{"rendered":"Ucraina, Meloni \u201cGoverno privo di visione, posizione Italia non chiara\u201d"},"content":{"rendered":"<div>ROMA (ITALPRESS) &#8211; &#8220;Siamo oggi pi\u00f9 fieri di ieri di trovarci all&#8217;opposizione di un governo privo di visione e di identit\u00e0 anche di fronte alle grandi sfide della storia. Ma questo non ci rallegra perch\u00e8 lo spettacolo terribile al quale il mondo assiste coinvolge l&#8217;Italia e la sua credibilit\u00e0 e lo fa nel momento in cui con Macron \u00e8 presidente di minoranza e Scholz titubante, l&#8217;Italia avrebbe l&#8217;occasione di svolgere un ruolo da protagonista, invece lei si presenta in Ue con una risoluzione che non chiarisce bene la posizione dell&#8217;Italia&#8221;. Lo ha detto la presidente di Fratelli d&#8217;Italia, Giorgia Meloni, nel suo intervento in Aula dopo le comunicazioni del Presidente del Consiglio Mario Draghi.<div id=\"div-gpt-ad-Messinaoggi.it-DSK-300x250-corpoart\" style=\"text-align:center;margin:0 auto;\"><\/div><\/p>\n<p>&#8211; foto agenziafotogramma.it &#8211;<div id=\"videoincontent\" style=\"clear:both\";><\/div><\/p>\n<p>(ITALPRESS).<\/p><\/div>\n","protected":false},"excerpt":{"rendered":"<p>ROMA (ITALPRESS) &#8211; &#8220;Siamo oggi pi\u00f9 fieri di ieri di trovarci all&#8217;opposizione di un governo privo di visione e di identit\u00e0 anche di fronte alle grandi sfide della storia. Ma questo non ci rallegra perch\u00e8 lo spettacolo terribile al quale il mondo assiste coinvolge l&#8217;Italia e la sua credibilit\u00e0 e lo fa nel momento in [&hellip;]<\/p>\n","protected":false},"author":18,"featured_media":111902,"comment_status":"closed","ping_status":"closed","sticky":false,"template":"","format":"standard","meta":{"ub_ctt_via":"","_mi_skip_tracking":false},"categories":[446],"tags":[783],"featured_image_src":"https:\/\/www.messinaoggi.it\/website\/wp-content\/uploads\/2022\/06\/20220622_0687.jpg","author_info":{"display_name":"Admin","author_link":"https:\/\/www.messinaoggi.it\/website\/author\/admin\/"},"digistream_id":0,"digistream":false,"_links":{"self":[{"href":"https:\/\/www.messinaoggi.it\/website\/wp-json\/wp\/v2\/posts\/111901"}],"collection":[{"href":"https:\/\/www.messinaoggi.it\/website\/wp-json\/wp\/v2\/posts"}],"about":[{"href":"https:\/\/www.messinaoggi.it\/website\/wp-json\/wp\/v2\/types\/post"}],"author":[{"embeddable":true,"href":"https:\/\/www.messinaoggi.it\/website\/wp-json\/wp\/v2\/users\/18"}],"replies":[{"embeddable":true,"href":"https:\/\/www.messinaoggi.it\/website\/wp-json\/wp\/v2\/comments?post=111901"}],"version-history":[{"count":0,"href":"https:\/\/www.messinaoggi.it\/website\/wp-json\/wp\/v2\/posts\/111901\/revisions"}],"wp:featuredmedia":[{"embeddable":true,"href":"https:\/\/www.messinaoggi.it\/website\/wp-json\/wp\/v2\/media\/111902"}],"wp:attachment":[{"href":"https:\/\/www.messinaoggi.it\/website\/wp-json\/wp\/v2\/media?parent=111901"}],"wp:term":[{"taxonomy":"category","embeddable":true,"href":"https:\/\/www.messinaoggi.it\/website\/wp-json\/wp\/v2\/categories?post=111901"},{"taxonomy":"post_tag","embeddable":true,"href":"https:\/\/www.messinaoggi.it\/website\/wp-json\/wp\/v2\/tags?post=111901"}],"curies":[{"name":"wp","href":"https:\/\/api.w.org\/{rel}","templated":true}]}}