{"id":111889,"date":"2022-06-22T11:18:46","date_gmt":"2022-06-22T09:18:46","guid":{"rendered":"http:\/\/www.messinaoggi.it\/website\/?p=111889"},"modified":"2022-06-22T11:18:49","modified_gmt":"2022-06-22T09:18:49","slug":"carrubba-confermata-direttore-generale-del-comune-le-congratulazioni-di-leonardo-santoro","status":"publish","type":"post","link":"https:\/\/www.messinaoggi.it\/website\/2022\/06\/22\/carrubba-confermata-direttore-generale-del-comune-le-congratulazioni-di-leonardo-santoro\/","title":{"rendered":"Carrubba confermata direttore generale del Comune, le congratulazioni di Leonardo Santoro"},"content":{"rendered":"\n<p>&#8220;Leggo della riconferma della dottoressa Rossana Carrubba all&#8217;incarico di direttore generale del comune di Messina. Alla dottoressa desidero esprimerle le mie congratulazioni&#8221;. Cos\u00ec l&#8217;ex commissario straordinario di Messina, Leonardo Santoro.<div id=\"div-gpt-ad-Messinaoggi.it-DSK-300x250-corpoart\" style=\"text-align:center;margin:0 auto;\"><\/div><\/p>\n\n\n\n<p>&#8220;La scelta conferma la determinazione gi\u00e0 adottata &#8220;intuito personae&#8221; da parte della struttura commissariale straordinaria. &#8211; prosegue Santoro &#8211; L&#8217;incarico, oggi confermato dal neosindaco, garantisce la prosecuzione dell&#8217;attivit\u00e0 di riordino ed ottimizzazione delle risorse umane del comune di Messina, senza soluzioni di continuit\u00e0 rispetto le direttive commissariali gi\u00e0 adottate nei mesi scorsi, migliorando sensibilmente efficienza ed efficacia della macchina organizzativa comunale&#8221;.<div id=\"videoincontent\" style=\"clear:both\";><\/div><\/p>\n","protected":false},"excerpt":{"rendered":"<p>&#8220;Leggo della riconferma della dottoressa Rossana Carrubba all&#8217;incarico di direttore generale del comune di Messina. Alla dottoressa desidero esprimerle le mie congratulazioni&#8221;. Cos\u00ec l&#8217;ex commissario straordinario di Messina, Leonardo Santoro. &#8220;La scelta conferma la determinazione gi\u00e0 adottata &#8220;intuito personae&#8221; da parte della struttura commissariale straordinaria. &#8211; prosegue Santoro &#8211; L&#8217;incarico, oggi confermato dal neosindaco, garantisce [&hellip;]<\/p>\n","protected":false},"author":8,"featured_media":12262,"comment_status":"open","ping_status":"open","sticky":false,"template":"","format":"standard","meta":{"ub_ctt_via":"","_mi_skip_tracking":false},"categories":[5],"tags":[4027],"featured_image_src":"https:\/\/www.messinaoggi.it\/website\/wp-content\/uploads\/2017\/12\/leonardo-santoro.jpg","author_info":{"display_name":"red..me","author_link":"https:\/\/www.messinaoggi.it\/website\/author\/redstage\/"},"digistream_id":0,"digistream":false,"_links":{"self":[{"href":"https:\/\/www.messinaoggi.it\/website\/wp-json\/wp\/v2\/posts\/111889"}],"collection":[{"href":"https:\/\/www.messinaoggi.it\/website\/wp-json\/wp\/v2\/posts"}],"about":[{"href":"https:\/\/www.messinaoggi.it\/website\/wp-json\/wp\/v2\/types\/post"}],"author":[{"embeddable":true,"href":"https:\/\/www.messinaoggi.it\/website\/wp-json\/wp\/v2\/users\/8"}],"replies":[{"embeddable":true,"href":"https:\/\/www.messinaoggi.it\/website\/wp-json\/wp\/v2\/comments?post=111889"}],"version-history":[{"count":1,"href":"https:\/\/www.messinaoggi.it\/website\/wp-json\/wp\/v2\/posts\/111889\/revisions"}],"predecessor-version":[{"id":111890,"href":"https:\/\/www.messinaoggi.it\/website\/wp-json\/wp\/v2\/posts\/111889\/revisions\/111890"}],"wp:featuredmedia":[{"embeddable":true,"href":"https:\/\/www.messinaoggi.it\/website\/wp-json\/wp\/v2\/media\/12262"}],"wp:attachment":[{"href":"https:\/\/www.messinaoggi.it\/website\/wp-json\/wp\/v2\/media?parent=111889"}],"wp:term":[{"taxonomy":"category","embeddable":true,"href":"https:\/\/www.messinaoggi.it\/website\/wp-json\/wp\/v2\/categories?post=111889"},{"taxonomy":"post_tag","embeddable":true,"href":"https:\/\/www.messinaoggi.it\/website\/wp-json\/wp\/v2\/tags?post=111889"}],"curies":[{"name":"wp","href":"https:\/\/api.w.org\/{rel}","templated":true}]}}