{"id":111833,"date":"2022-06-21T18:07:35","date_gmt":"2022-06-21T16:07:35","guid":{"rendered":"https:\/\/www.messinaoggi.it\/website\/2022\/06\/21\/mattarella-guardia-di-finanza-un-modello-di-riferimento-internazionale\/"},"modified":"2022-06-21T18:07:35","modified_gmt":"2022-06-21T16:07:35","slug":"mattarella-guardia-di-finanza-un-modello-di-riferimento-internazionale","status":"publish","type":"post","link":"https:\/\/www.messinaoggi.it\/website\/2022\/06\/21\/mattarella-guardia-di-finanza-un-modello-di-riferimento-internazionale\/","title":{"rendered":"Mattarella \u201cGuardia di finanza un modello di riferimento internazionale\u201d"},"content":{"rendered":"<div>ROMA (ITALPRESS) &#8211; Ha espresso i &#8220;sentimenti di riconoscenza della Repubblica per il contributo dato all&#8217;affermazione della legalit\u00e0 nei contesti economici e finanziari, per il raggiungimento di principi di autentica libert\u00e0 e responsabilit\u00e0&#8221; il capo dello Stato Sergio Mattarella, ricevendo una delegazione della guardia di finanza in occasione del 248esimo anniversario del corpo.<br \/>&#8220;La Guardia di Finanza &#8211; ha continuato il presidente &#8211; \u00e8 un presidio nel perseguimento degli obiettivi di giustizia fiscale indicati dall&#8217;art. 2 della Costituzione, nell&#8217;adempimento dei doveri inderogabili di solidariet\u00e0 economica e sociale, modello di riferimento a livello internazionale. La Medaglia d&#8217;Oro al Merito Civile attribuita alla Bandiera di Guerra per il 50esimo anniversario della costituzione del comparto Antiterrorismo Pronto Impiego &#8211; ha concluso Mattarella &#8211; \u00e8 la testimonianza significativa del ruolo svolto nel contrasto ai flussi finanziari di sostegno ai gruppi criminali e alla violenza eversiva&#8221;.<div id=\"div-gpt-ad-Messinaoggi.it-DSK-300x250-corpoart\" style=\"text-align:center;margin:0 auto;\"><\/div><\/p>\n<p>&#8211; foto ufficio stampa Quirinale &#8211;<div id=\"videoincontent\" style=\"clear:both\";><\/div><\/p>\n<p>(ITALPRESS).<\/p><\/div>\n","protected":false},"excerpt":{"rendered":"<p>ROMA (ITALPRESS) &#8211; Ha espresso i &#8220;sentimenti di riconoscenza della Repubblica per il contributo dato all&#8217;affermazione della legalit\u00e0 nei contesti economici e finanziari, per il raggiungimento di principi di autentica libert\u00e0 e responsabilit\u00e0&#8221; il capo dello Stato Sergio Mattarella, ricevendo una delegazione della guardia di finanza in occasione del 248esimo anniversario del corpo.&#8220;La Guardia di [&hellip;]<\/p>\n","protected":false},"author":18,"featured_media":111834,"comment_status":"closed","ping_status":"closed","sticky":false,"template":"","format":"standard","meta":{"ub_ctt_via":"","_mi_skip_tracking":false},"categories":[446],"tags":[783],"featured_image_src":"https:\/\/www.messinaoggi.it\/website\/wp-content\/uploads\/2022\/06\/20220621_1961.jpg","author_info":{"display_name":"Admin","author_link":"https:\/\/www.messinaoggi.it\/website\/author\/admin\/"},"digistream_id":0,"digistream":false,"_links":{"self":[{"href":"https:\/\/www.messinaoggi.it\/website\/wp-json\/wp\/v2\/posts\/111833"}],"collection":[{"href":"https:\/\/www.messinaoggi.it\/website\/wp-json\/wp\/v2\/posts"}],"about":[{"href":"https:\/\/www.messinaoggi.it\/website\/wp-json\/wp\/v2\/types\/post"}],"author":[{"embeddable":true,"href":"https:\/\/www.messinaoggi.it\/website\/wp-json\/wp\/v2\/users\/18"}],"replies":[{"embeddable":true,"href":"https:\/\/www.messinaoggi.it\/website\/wp-json\/wp\/v2\/comments?post=111833"}],"version-history":[{"count":0,"href":"https:\/\/www.messinaoggi.it\/website\/wp-json\/wp\/v2\/posts\/111833\/revisions"}],"wp:featuredmedia":[{"embeddable":true,"href":"https:\/\/www.messinaoggi.it\/website\/wp-json\/wp\/v2\/media\/111834"}],"wp:attachment":[{"href":"https:\/\/www.messinaoggi.it\/website\/wp-json\/wp\/v2\/media?parent=111833"}],"wp:term":[{"taxonomy":"category","embeddable":true,"href":"https:\/\/www.messinaoggi.it\/website\/wp-json\/wp\/v2\/categories?post=111833"},{"taxonomy":"post_tag","embeddable":true,"href":"https:\/\/www.messinaoggi.it\/website\/wp-json\/wp\/v2\/tags?post=111833"}],"curies":[{"name":"wp","href":"https:\/\/api.w.org\/{rel}","templated":true}]}}