{"id":111823,"date":"2022-06-21T17:07:32","date_gmt":"2022-06-21T15:07:32","guid":{"rendered":"https:\/\/www.messinaoggi.it\/website\/2022\/06\/21\/ucraina-draghi-litalia-continuera-a-sostenere-kiev\/"},"modified":"2022-06-21T17:07:32","modified_gmt":"2022-06-21T15:07:32","slug":"ucraina-draghi-litalia-continuera-a-sostenere-kiev","status":"publish","type":"post","link":"https:\/\/www.messinaoggi.it\/website\/2022\/06\/21\/ucraina-draghi-litalia-continuera-a-sostenere-kiev\/","title":{"rendered":"Ucraina, Draghi \u201cL\u2019Italia continuer\u00e0 a sostenere Kiev\u201d"},"content":{"rendered":"<div>ROMA (ITALPRESS) &#8211; &#8220;Solo una pace concordata e non subita pu\u00f2 essere davvero duratura&#8221;. Lo ha detto il presidente del Consiglio, Mario Draghi, nell&#8217;aula del Senato, in merito alle comunicazioni in vista del consiglio europeo del 23-24 giugno. &#8220;Il governo italiano intende continuare a sostenere l&#8217;Ucraina cos\u00ec come questo parlamento ci ha dato mandato di fare &#8211; ha aggiunto -. Il nostro sostegno a favore di Kiev \u00e8 anche un impegno alla ricostruzione del paese&#8221;.<br \/>&#8220;Oggi spetta a tutti noi aiutare l&#8217;Ucraina a rinascere. A Kiev ho ribadito che l&#8217;Italia vuole l&#8217;Ucraina nell&#8217;Ue, non tutti gli Stati membri la vogliono &#8211; ha sottolineato Draghi -. L&#8217;allargamento dell&#8217;Ue ha dato pace e stabilit\u00e0&#8221;.<br \/>&#8220;La strategia dell&#8217;Italia in accordo con l&#8217;Ue e con gli alleati del G7 si muove su due fronti: sosteniamo l&#8217;Ucraina e imponiamo sanzioni alla Russia, perch\u00e8 Mosca cessi le ostilit\u00e0 e accetti di sedersi davvero al tavolo dei negoziati&#8221;, ha detto ancora il premier.<br \/>&#8220;Durante la mia visita a Kiev ho visto da vicino le devastazioni della guerra &#8211; ha aggiunto -, siamo andati di persona per testimoniare che i nostri paesi sono determinati ad aiutare un popolo europeo nella lotta a difesa della sua democrazie e della sua libert\u00e0&#8221;.<br \/>&#8220;Negli ultimi giorni la Russia ha ridotto le forniture di gas all&#8217;Europa, compresa l&#8217;Italia. Dall&#8217;inizio della guerra, il nostro governo &#8211; questo governo &#8211; si \u00e8 mosso con rapidit\u00e0 per trovare fonti di approvvigionamento alternative al gas russo. Abbiamo stretto accordi importanti con vari Paesi fornitori, dall&#8217;Algeria all&#8217;Azerbaijan, e promosso nuovi investimenti, anche nelle rinnovabili. Grazie a queste misure potremmo ridurre in modo significativo la nostra dipendenza dal gas russo gi\u00e0 dall&#8217;anno prossimo&#8221;, ha aggiunto il presidente del Consiglio. <br \/>&#8220;In Europa l&#8217;andamento del prezzo dell&#8217;energia \u00e8 alla base dell&#8217;impennata dei tassi di inflazione degli ultimi mesi &#8211; ha spiegato Draghi -. A maggio in Italia l&#8217;inflazione ha raggiunto il 7,3%, ma l&#8217;inflazione di fondo &#8211; che esclude i beni energetici e alimentari &#8211; \u00e8 meno della met\u00e0. Per frenare l&#8217;aumento generale dei prezzi e tutelare il potere d&#8217;acquisto dei cittadini, \u00e8 essenziale agire anche &#8211; e sottolineo &#8216;anch\u00e8, perch\u00e8 i campi di intervento sono vari e non si limitano a questo &#8211; sulla fonte del problema e contenere i rincari di gas ed energia. I governi hanno gli strumenti per farlo. La soluzione che proponiamo da diversi mesi \u00e8 l&#8217;imposizione di un tetto al prezzo del gas russo che consentirebbe anche di ridurre i flussi finanziari verso Mosca. Il Consiglio europeo ha dato alla Commissione il mandato di verificare la possibilit\u00e0 di introdurre un controllo, un tetto al prezzo. Questa misura \u00e8 diventata ancora pi\u00f9 urgente alla luce della riduzione delle forniture da parte di Mosca. Le forniture sono ridotte, il prezzo aumenta, l&#8217;incasso da parte di Mosca resta lo stesso, le difficolt\u00e0 per l&#8217;Europa aumentano vertiginosamente&#8221;.<div id=\"div-gpt-ad-Messinaoggi.it-DSK-300x250-corpoart\" style=\"text-align:center;margin:0 auto;\"><\/div><\/p>\n<p>&#8211; foto agenziafotogramma.it &#8211;<div id=\"videoincontent\" style=\"clear:both\";><\/div><\/p>\n<p>(ITALPRESS).<\/p><\/div>\n","protected":false},"excerpt":{"rendered":"<p>ROMA (ITALPRESS) &#8211; &#8220;Solo una pace concordata e non subita pu\u00f2 essere davvero duratura&#8221;. Lo ha detto il presidente del Consiglio, Mario Draghi, nell&#8217;aula del Senato, in merito alle comunicazioni in vista del consiglio europeo del 23-24 giugno. &#8220;Il governo italiano intende continuare a sostenere l&#8217;Ucraina cos\u00ec come questo parlamento ci ha dato mandato di [&hellip;]<\/p>\n","protected":false},"author":18,"featured_media":111824,"comment_status":"closed","ping_status":"closed","sticky":false,"template":"","format":"standard","meta":{"ub_ctt_via":"","_mi_skip_tracking":false},"categories":[446],"tags":[783],"featured_image_src":"https:\/\/www.messinaoggi.it\/website\/wp-content\/uploads\/2022\/06\/20220621_1537.jpg","author_info":{"display_name":"Admin","author_link":"https:\/\/www.messinaoggi.it\/website\/author\/admin\/"},"digistream_id":0,"digistream":false,"_links":{"self":[{"href":"https:\/\/www.messinaoggi.it\/website\/wp-json\/wp\/v2\/posts\/111823"}],"collection":[{"href":"https:\/\/www.messinaoggi.it\/website\/wp-json\/wp\/v2\/posts"}],"about":[{"href":"https:\/\/www.messinaoggi.it\/website\/wp-json\/wp\/v2\/types\/post"}],"author":[{"embeddable":true,"href":"https:\/\/www.messinaoggi.it\/website\/wp-json\/wp\/v2\/users\/18"}],"replies":[{"embeddable":true,"href":"https:\/\/www.messinaoggi.it\/website\/wp-json\/wp\/v2\/comments?post=111823"}],"version-history":[{"count":0,"href":"https:\/\/www.messinaoggi.it\/website\/wp-json\/wp\/v2\/posts\/111823\/revisions"}],"wp:featuredmedia":[{"embeddable":true,"href":"https:\/\/www.messinaoggi.it\/website\/wp-json\/wp\/v2\/media\/111824"}],"wp:attachment":[{"href":"https:\/\/www.messinaoggi.it\/website\/wp-json\/wp\/v2\/media?parent=111823"}],"wp:term":[{"taxonomy":"category","embeddable":true,"href":"https:\/\/www.messinaoggi.it\/website\/wp-json\/wp\/v2\/categories?post=111823"},{"taxonomy":"post_tag","embeddable":true,"href":"https:\/\/www.messinaoggi.it\/website\/wp-json\/wp\/v2\/tags?post=111823"}],"curies":[{"name":"wp","href":"https:\/\/api.w.org\/{rel}","templated":true}]}}