{"id":111796,"date":"2022-06-21T14:07:35","date_gmt":"2022-06-21T12:07:35","guid":{"rendered":"https:\/\/www.messinaoggi.it\/website\/2022\/06\/21\/iren-assemblea-approva-il-bilancio-2021-dal-fabbro-nuovo-presidente\/"},"modified":"2022-06-21T14:07:35","modified_gmt":"2022-06-21T12:07:35","slug":"iren-assemblea-approva-il-bilancio-2021-dal-fabbro-nuovo-presidente","status":"publish","type":"post","link":"https:\/\/www.messinaoggi.it\/website\/2022\/06\/21\/iren-assemblea-approva-il-bilancio-2021-dal-fabbro-nuovo-presidente\/","title":{"rendered":"Iren, Assemblea approva il bilancio 2021, Dal Fabbro nuovo presidente"},"content":{"rendered":"<div>REGGIO EMILIA (ITALPRESS) &#8211; L&#8217;assemblea ordinaria degli Azionisti di Iren Spa ha approvato il Bilancio d&#8217;esercizio al 31 dicembre 2021, la Relazione sulla gestione e la proposta di destinazione dell&#8217;utile di esercizio pari a 218.850.794,04 euro, cos\u00ec come deliberato dal Consiglio di Amministrazione il 20 aprile, come segue: 10.942.539,70 euro pari al 5% dell&#8217;utile di esercizio, a riserva legale; 136.597.794,59 euro a dividendo agli Azionisti, corrispondente a 0,105 euro per ciascuna delle 1.300.931.377 azioni ordinarie costituenti il capitale sociale della Societ\u00e0 con la precisazione che le eventuali azioni proprie non beneficeranno del dividendo; il dividendo sar\u00e0 posto in pagamento a partire dal giorno 20 luglio 2022, contro stacco cedola il 18 luglio 2022 e record date il 19 luglio 2022; in un&#8217;apposita riserva di utili portati a nuovo, l&#8217;importo residuo pari ad almeno 71.310.459,75 euro.<br \/>L&#8217;Assemblea degli azionisti, con ampia maggioranza, ha inoltre approvato la sezione prima (&#8220;Politiche sulla Remunerazione 2022&#8221;) della Relazione sulla politica in materia di remunerazione 2022 e sui compensi corrisposti 2021; espresso voto favorevole sulla &#8220;Sezione Seconda&#8221; (Compensi corrisposti esercizio 2021&#8243;) della Relazione sulla politica in materia di remunerazione 2022 e sui compensi corrisposti 2021; nominato il nuovo Consiglio di Amministrazione ed il suo Presidente, Luca Dal Fabbro, per il triennio 2022-2023-2024. Il CdA, per la prima volta nella storia del Gruppo Iren, sar\u00e0 composto in maggioranza da donne, 8 su un totale di 15 membri. Infine, l&#8217;Assemblea ha determinato il compenso annuo da corrispondere ai componenti del Consiglio di Amministrazione.<br \/>&#8220;Entrare a far parte del Gruppo Iren \u00e8 per me motivo di onore &#8211; ha dichiarato Luca Dal Fabbro -. Iren riveste e rivestir\u00e0 un ruolo sempre pi\u00f9 strategico per lo sviluppo economico dei suoi territori, per la tutela dell&#8217;ambiente e per la valorizzazione e l&#8217;uso sostenibile di risorse preziose come acqua ed energia. Partendo dal legame che Iren ha con i propri territori di riferimento e dal valore unico che questa relazione genera, metter\u00f2 a servizio dell&#8217;azienda le mie esperienze pregresse per contribuire a rendere il Gruppo leader nella economia circolare e nella transizione energetica. Il mio primo impegno sar\u00e0 quello di conoscere e approfondire l&#8217;ampio patrimonio di professionalit\u00e0, competenze e storie delle persone che ne fanno parte: un capitale umano inestimabile e ricco di diversit\u00e0. I fattori abilitanti per realizzare la visione tracciata per i prossimi anni saranno il lavoro di squadra, non solo tra le persone che lavorano per noi e con noi ma anche con i territori di riferimento, lo sviluppo delle competenze e delle sinergie, l&#8217;innovazione e la collaborazione con le Istituzioni per iniziative sistemiche come il PNRR. L&#8217;obiettivo finale \u00e8 creare sempre pi\u00f9 valore per tutti i nostri stakeholder e azionisti&#8221;.<br \/>I Ricavi consolidati al 31 dicembre 2021 si attestano a 4.955,9 milioni di euro in aumento del +33% rispetto ai 3.726,2 milioni di euro dell&#8217;esercizio 2020.<br \/>Il Margine Operativo Lordo (Ebitda) ammonta a 1.015,8 milioni di euro, in aumento (+9,6%) rispetto ai 926,9 milioni di euro dell&#8217;esercizio 2020.<br \/>Il Risultato Operativo (Ebit) \u00e8 pari a 454,1 milioni di euro, in aumento del +9,3% rispetto ai 415,4 milioni di euro dell&#8217;esercizio 2020.<br \/>L&#8217;Utile Netto di Gruppo attribuibile agli azionisti \u00e8 pari a 303,1 milioni di euro, in significativo incremento (+26,7%) rispetto al risultato del 2020.<br \/>L&#8217;Indebitamento Finanziario Netto al 31 dicembre 2021 \u00e8 pari a 2.906 milioni di euro, in flessione di 42 milioni di euro rispetto al dato del 31 dicembre 2020 (2.948 milioni).<br \/>Gli investimenti lordi realizzati nel periodo ammontano a 955 milioni di euro, in crescita (+4,7%) rispetto ai 913 milioni di euro del 2020, di cui 85 milioni di euro relativi al cash out per le acquisizioni effettuate nel corso dell&#8217;anno.<div id=\"div-gpt-ad-Messinaoggi.it-DSK-300x250-corpoart\" style=\"text-align:center;margin:0 auto;\"><\/div><\/p>\n<p>&#8211; foto ufficio stampa Iren &#8211;<div id=\"videoincontent\" style=\"clear:both\";><\/div><\/p>\n<p>(ITALPRESS).<\/p><\/div>\n","protected":false},"excerpt":{"rendered":"<p>REGGIO EMILIA (ITALPRESS) &#8211; L&#8217;assemblea ordinaria degli Azionisti di Iren Spa ha approvato il Bilancio d&#8217;esercizio al 31 dicembre 2021, la Relazione sulla gestione e la proposta di destinazione dell&#8217;utile di esercizio pari a 218.850.794,04 euro, cos\u00ec come deliberato dal Consiglio di Amministrazione il 20 aprile, come segue: 10.942.539,70 euro pari al 5% dell&#8217;utile di [&hellip;]<\/p>\n","protected":false},"author":18,"featured_media":111797,"comment_status":"closed","ping_status":"closed","sticky":false,"template":"","format":"standard","meta":{"ub_ctt_via":"","_mi_skip_tracking":false},"categories":[446],"tags":[783],"featured_image_src":"https:\/\/www.messinaoggi.it\/website\/wp-content\/uploads\/2022\/06\/20220621_0801.jpg","author_info":{"display_name":"Admin","author_link":"https:\/\/www.messinaoggi.it\/website\/author\/admin\/"},"digistream_id":0,"digistream":false,"_links":{"self":[{"href":"https:\/\/www.messinaoggi.it\/website\/wp-json\/wp\/v2\/posts\/111796"}],"collection":[{"href":"https:\/\/www.messinaoggi.it\/website\/wp-json\/wp\/v2\/posts"}],"about":[{"href":"https:\/\/www.messinaoggi.it\/website\/wp-json\/wp\/v2\/types\/post"}],"author":[{"embeddable":true,"href":"https:\/\/www.messinaoggi.it\/website\/wp-json\/wp\/v2\/users\/18"}],"replies":[{"embeddable":true,"href":"https:\/\/www.messinaoggi.it\/website\/wp-json\/wp\/v2\/comments?post=111796"}],"version-history":[{"count":0,"href":"https:\/\/www.messinaoggi.it\/website\/wp-json\/wp\/v2\/posts\/111796\/revisions"}],"wp:featuredmedia":[{"embeddable":true,"href":"https:\/\/www.messinaoggi.it\/website\/wp-json\/wp\/v2\/media\/111797"}],"wp:attachment":[{"href":"https:\/\/www.messinaoggi.it\/website\/wp-json\/wp\/v2\/media?parent=111796"}],"wp:term":[{"taxonomy":"category","embeddable":true,"href":"https:\/\/www.messinaoggi.it\/website\/wp-json\/wp\/v2\/categories?post=111796"},{"taxonomy":"post_tag","embeddable":true,"href":"https:\/\/www.messinaoggi.it\/website\/wp-json\/wp\/v2\/tags?post=111796"}],"curies":[{"name":"wp","href":"https:\/\/api.w.org\/{rel}","templated":true}]}}