{"id":111794,"date":"2022-06-21T14:02:35","date_gmt":"2022-06-21T12:02:35","guid":{"rendered":"https:\/\/www.messinaoggi.it\/website\/2022\/06\/21\/ospedale-di-cefalu-la-fondazione-giglio-avvia-progetto-di-efficientamento-energetico\/"},"modified":"2022-06-21T14:02:35","modified_gmt":"2022-06-21T12:02:35","slug":"ospedale-di-cefalu-la-fondazione-giglio-avvia-progetto-di-efficientamento-energetico","status":"publish","type":"post","link":"https:\/\/www.messinaoggi.it\/website\/2022\/06\/21\/ospedale-di-cefalu-la-fondazione-giglio-avvia-progetto-di-efficientamento-energetico\/","title":{"rendered":"Ospedale di Cefal\u00f9, la Fondazione Giglio avvia progetto di efficientamento energetico"},"content":{"rendered":"<div>\n<p>CEFALU\u2019 (PALERMO) (ITALPRESS) \u2013 La Fondazione Giglio di Cefal\u00f9 ha dato il via ad un progetto di efficientamento energetico suddiviso in tre tipologie di intervento: climatizzazione centralizzata, impianto di illuminazione led sia interno che esterno, installazione impianto fotovoltaico per un investimento complessivo di 1,7 milioni di euro da realizzare entro agosto 2023.<br \/>\u201cE\u2019 un grande progetto di ammodernamento tecnologico e di sostenibilit\u00e0 ambientale \u2013 ha detto il presidente della Fondazione Giglio, Giovanni Albano \u2013 che abbiamo messo in campo a conferma della forte volont\u00e0 di questa governance di rafforzare l\u2019Istituto rendendolo competitivo anche sugli aspetti infrastrutturali. Diamo anche un nostro modesto contributo \u2013 ha aggiunto il presidente \u2013 al percorso di transizione ecologica avviato in tutto il paese\u201d. <br \/>Albano ha anche anticipato che \u00e8 \u201cin fase di definizione il progetto di ristrutturazione delle stanze di degenza a completamento delle attivit\u00e0 di miglioramento del comfort alberghiero\u201d.  <br \/>Il primo intervento, gi\u00e0 in corso e che si concluder\u00e0 mercoled\u00ec sera, prevede la sostituzione degli impianti di climatizzazione esistenti con blocchi frigo di ultima generazione che consentono di ridurre le emissioni di CO2 in atmosfera e un abbattimento dei consumi energetici di del 35%. Le operazioni di tiro in quota dei nuovi impianti vengono effettuati con gru semovente da 400 tonnellate. <br \/>\u201cSino a mercoled\u00ec sera \u2013 ha rilevato il responsabile dell\u2019area tecnica, Giuseppe Franco \u2013 la viabilit\u00e0 adiacente la struttura ospedaliera subisce delle modifiche con la riduzione dei posti auto, per la movimentazione dei mezzi meccanici, garantendo comunque l\u2019accesso all\u2019area di emergenza e ai servizi ospedalieri\u201d <br \/>Il secondo macro-intervento, che verr\u00e0 avviato entro questo mese, prevede la sostituzione di tutti i corpi illuminanti con sistemi led in modo da favorire una riduzione della spesa per l\u2019illuminazione stimata intorno al 46 percento.<br \/>L\u2019ultimo macro intervento riguarda l\u2019installazione di impianti a Fonti energetica rinnovabile (F.E.R.) e cogenerativa ad alto rendimento (C.A.R.) con il posizionamento nella copertura dell\u2019ospedale di un impianto fotovoltaico con una produzione di energia elettrica annua pari a 233 MW ed un impianto di trigenerazione con una produzione di energia elettrica annuale pari a 2400 MW\/h ed un risparmio di energia elettrica per raffrescamento pari a 300 MW\/h.<br \/>La concessionaria dei lavori \u00e8 la ditta Cefal\u00f9 Energia con affidataria la Rekeep. I lavori sono seguiti dal responsabile unico del procedimento l\u2019ingegnere Giuseppe Franco, dal responsabile dell\u2019esecuzione l\u2019architetto Antonella Faraone e dal direttore dei lavori l\u2019ingegnere Antonio Sindoni. <br \/>La progettazione \u00e8 iniziata 12 mesi prima dall\u2019avvio di questo lavori con l\u2019adeguamento normativo degli impianti e la loro riqualificazione tramite l\u2019installazione di macchine, nei reparti, ad elevato coefficiente di performance abbinati alla pi\u00f9 moderne tecnologie di controllo e gestione telematici. <br \/>foto ufficio stampa Fondazione Giglio di Cefal\u00f9<br \/>(ITALPRESS).<div id=\"div-gpt-ad-Messinaoggi.it-DSK-300x250-corpoart\" style=\"text-align:center;margin:0 auto;\"><\/div><\/p>\n<\/div>\n<div id=\"videoincontent\" style=\"clear:both\";><\/div>","protected":false},"excerpt":{"rendered":"<p>CEFALU\u2019 (PALERMO) (ITALPRESS) \u2013 La Fondazione Giglio di Cefal\u00f9 ha dato il via ad un progetto di efficientamento energetico suddiviso in tre tipologie di intervento: climatizzazione centralizzata, impianto di illuminazione led sia interno che esterno, installazione impianto fotovoltaico per un investimento complessivo di 1,7 milioni di euro da realizzare entro agosto 2023.\u201cE\u2019 un grande progetto [&hellip;]<\/p>\n","protected":false},"author":18,"featured_media":111795,"comment_status":"closed","ping_status":"closed","sticky":false,"template":"","format":"standard","meta":{"ub_ctt_via":"","_mi_skip_tracking":false},"categories":[2449],"tags":[783],"featured_image_src":"https:\/\/www.messinaoggi.it\/website\/wp-content\/uploads\/2022\/06\/20220621_0796.jpg","author_info":{"display_name":"Admin","author_link":"https:\/\/www.messinaoggi.it\/website\/author\/admin\/"},"digistream_id":0,"digistream":false,"_links":{"self":[{"href":"https:\/\/www.messinaoggi.it\/website\/wp-json\/wp\/v2\/posts\/111794"}],"collection":[{"href":"https:\/\/www.messinaoggi.it\/website\/wp-json\/wp\/v2\/posts"}],"about":[{"href":"https:\/\/www.messinaoggi.it\/website\/wp-json\/wp\/v2\/types\/post"}],"author":[{"embeddable":true,"href":"https:\/\/www.messinaoggi.it\/website\/wp-json\/wp\/v2\/users\/18"}],"replies":[{"embeddable":true,"href":"https:\/\/www.messinaoggi.it\/website\/wp-json\/wp\/v2\/comments?post=111794"}],"version-history":[{"count":0,"href":"https:\/\/www.messinaoggi.it\/website\/wp-json\/wp\/v2\/posts\/111794\/revisions"}],"wp:featuredmedia":[{"embeddable":true,"href":"https:\/\/www.messinaoggi.it\/website\/wp-json\/wp\/v2\/media\/111795"}],"wp:attachment":[{"href":"https:\/\/www.messinaoggi.it\/website\/wp-json\/wp\/v2\/media?parent=111794"}],"wp:term":[{"taxonomy":"category","embeddable":true,"href":"https:\/\/www.messinaoggi.it\/website\/wp-json\/wp\/v2\/categories?post=111794"},{"taxonomy":"post_tag","embeddable":true,"href":"https:\/\/www.messinaoggi.it\/website\/wp-json\/wp\/v2\/tags?post=111794"}],"curies":[{"name":"wp","href":"https:\/\/api.w.org\/{rel}","templated":true}]}}