{"id":111786,"date":"2022-06-21T13:07:32","date_gmt":"2022-06-21T11:07:32","guid":{"rendered":"https:\/\/www.messinaoggi.it\/website\/2022\/06\/21\/infrastrutture-ugl-reti-per-lo-sviluppo-strategico-del-paese\/"},"modified":"2022-06-21T13:07:32","modified_gmt":"2022-06-21T11:07:32","slug":"infrastrutture-ugl-reti-per-lo-sviluppo-strategico-del-paese","status":"publish","type":"post","link":"https:\/\/www.messinaoggi.it\/website\/2022\/06\/21\/infrastrutture-ugl-reti-per-lo-sviluppo-strategico-del-paese\/","title":{"rendered":"Infrastrutture, Ugl \u201cReti per lo sviluppo strategico del Paese\u201d"},"content":{"rendered":"<div>ROMA (ITALPRESS) &#8211; &#8220;Reti per lo sviluppo. L&#8217;interconnessione sostenibile&#8221; \u00e8 il tema al centro dell&#8217;incontro promosso dall&#8217;UGL che si \u00e8 tenuto a Roma con l&#8217;obiettivo di porre l&#8217;attenzione sulle infrastrutture strategiche per il Paese, alla luce dei processi di transizione energetica e digitale in atto.<br \/>Secondo Paolo Capone, Segretario Generale dell&#8217;UGL, che ha aperto i lavori, &#8220;la transizione energetica e digitale sta avviandosi sempre pi\u00f9 rapidamente. La decisione della Commissione Europea di tagliare il 55% delle emissioni di gas entro il 2033 e arrivare nel 2050 a emissioni zero avr\u00e0 un impatto significativo sulla nostra societ\u00e0 e, in particolare, sulle reti dei trasporti. In Europa &#8211; ha osservato Capone &#8211; si sta andando verso la rete unica di cielo e di terra, inoltre, anche il trasporto nelle grandi citt\u00e0 sta mutando grazie al digitale. In questa prospettiva \u00e8 fondamentale investire sulla rete infrastrutturale considerato che lo sviluppo dell&#8217;Italia \u00e8 legato indissolubilmente al nuovo modello di mobilit\u00e0 integrata, alle infrastrutture e all&#8217;ecosostenibilit\u00e0&#8221;.<br \/>&#8220;Le risorse stanziate dal Pnrr rappresentano, quindi, un&#8217;opportunit\u00e0 epocale per accelerare i processi di transizione in atto, rilanciare l&#8217;occupazione e rafforzare la coesione nazionale. Una sfida che tutti gli attori sociali, a partire dalle forze politiche e dai sindacati, sono chiamati ad affrontare con responsabilit\u00e0 e spirito di collaborazione nell&#8217;interesse del Paese. L&#8217;UGL, a riguardo, vuole fare da &#8216;trade union&#8217; tra imprese e politica per dare maggiori garanzie ai lavoratori&#8221;, ha aggiunto.<br \/>Per Roberto Rosso, deputato di Forza Italia, membro della Commissione Trasporti, &#8220;l&#8217;Italia ha bisogno di velocit\u00e0 e semplificazioni. Con riferimento ad ITA occorre parlare di sostenibilit\u00e0 e interconnessione. Il nostro Paese, al momento, sconta una lentezza a causa delle eccessive procedure. In Commissione Trasporti si sta discutendo in tal senso. E&#8217; fondamentale, quindi, consentire ad ITA di stare sul mercato con l&#8217;obiettivo di salvaguardare l&#8217;occupazione e incentivare la competitivit\u00e0 dell&#8217;azienda a livello internazionale&#8221;.<br \/>Edoardo Rixi, deputato Lega, membro della Commissione Trasporti, ha dichiarato che &#8220;bisogna arrivare ad ottenere delle normative pi\u00f9 semplici e dirette per quanto riguarda la gestione del trasporto aereo, dei porti e delle ferrovie. Nel Nord Europa abbiamo societ\u00e0 pubbliche che operano con norme di carattere privatistico. Dobbiamo avere uno Stato forte, che agisca anche con una presenza minoritaria, ma che possa intervenire su decisioni strategiche attraverso il Golden Power&#8221;.<br \/>Secondo Marco Silvestroni, deputato di Fratelli d&#8217;Italia, membro della Commissione Trasporti, &#8220;\u00e8 importante che ITA rimanga un partner strategico dello Stato e che mantenga la sua propriet\u00e0 al 51%. Occorre anche potenziare le infrastrutture del Paese per favorire il commercio e lo sviluppo economico. In tal senso, mi congratulo con l&#8217;UGL per aver presentato un piano articolato per il rilancio delle infrastrutture. E&#8217; altres\u00ec importante snellire la burocrazia e utilizzare al meglio le risorse contenute nel Pnrr per non sprecare questa grande opportunit\u00e0 per il Paese&#8221;.<br \/>All&#8217;evento hanno preso parte anche Carlo Borgomeo, Presidente Assaeroporti; Claudio Eminente, Direttore Centrale Programmazione Economica Sviluppo Infrastrutture ENAC; Andrea Gibelli, Presidente ASSTRA; Massimo Marciani, Presidente Freight Leaders Council; Filippo Contino, Chief People Management &amp; Compensation Gruppo Ferrovie dello Stato; Francesco Alfonsi, Segretario Nazionale Trasporto Aereo; Pasquale Mennella, Segretario Nazionale Mare; Paola Avella, Segretario Nazionale Viabilit\u00e0 e Logistica; Ezio Favetta, Segretario Nazionale Ferrovieri; Fabio Milloch, Segretario Nazionale Autoferrotranvieri.<div id=\"div-gpt-ad-Messinaoggi.it-DSK-300x250-corpoart\" style=\"text-align:center;margin:0 auto;\"><\/div><\/p>\n<p>&#8211; foto ufficio stampa Ugl &#8211;<div id=\"videoincontent\" style=\"clear:both\";><\/div><\/p>\n<p>(ITALPRESS).<\/p><\/div>\n","protected":false},"excerpt":{"rendered":"<p>ROMA (ITALPRESS) &#8211; &#8220;Reti per lo sviluppo. L&#8217;interconnessione sostenibile&#8221; \u00e8 il tema al centro dell&#8217;incontro promosso dall&#8217;UGL che si \u00e8 tenuto a Roma con l&#8217;obiettivo di porre l&#8217;attenzione sulle infrastrutture strategiche per il Paese, alla luce dei processi di transizione energetica e digitale in atto.Secondo Paolo Capone, Segretario Generale dell&#8217;UGL, che ha aperto i lavori, [&hellip;]<\/p>\n","protected":false},"author":18,"featured_media":111787,"comment_status":"closed","ping_status":"closed","sticky":false,"template":"","format":"standard","meta":{"ub_ctt_via":"","_mi_skip_tracking":false},"categories":[446],"tags":[783],"featured_image_src":"https:\/\/www.messinaoggi.it\/website\/wp-content\/uploads\/2022\/06\/20220621_0513.jpg","author_info":{"display_name":"Admin","author_link":"https:\/\/www.messinaoggi.it\/website\/author\/admin\/"},"digistream_id":0,"digistream":false,"_links":{"self":[{"href":"https:\/\/www.messinaoggi.it\/website\/wp-json\/wp\/v2\/posts\/111786"}],"collection":[{"href":"https:\/\/www.messinaoggi.it\/website\/wp-json\/wp\/v2\/posts"}],"about":[{"href":"https:\/\/www.messinaoggi.it\/website\/wp-json\/wp\/v2\/types\/post"}],"author":[{"embeddable":true,"href":"https:\/\/www.messinaoggi.it\/website\/wp-json\/wp\/v2\/users\/18"}],"replies":[{"embeddable":true,"href":"https:\/\/www.messinaoggi.it\/website\/wp-json\/wp\/v2\/comments?post=111786"}],"version-history":[{"count":0,"href":"https:\/\/www.messinaoggi.it\/website\/wp-json\/wp\/v2\/posts\/111786\/revisions"}],"wp:featuredmedia":[{"embeddable":true,"href":"https:\/\/www.messinaoggi.it\/website\/wp-json\/wp\/v2\/media\/111787"}],"wp:attachment":[{"href":"https:\/\/www.messinaoggi.it\/website\/wp-json\/wp\/v2\/media?parent=111786"}],"wp:term":[{"taxonomy":"category","embeddable":true,"href":"https:\/\/www.messinaoggi.it\/website\/wp-json\/wp\/v2\/categories?post=111786"},{"taxonomy":"post_tag","embeddable":true,"href":"https:\/\/www.messinaoggi.it\/website\/wp-json\/wp\/v2\/tags?post=111786"}],"curies":[{"name":"wp","href":"https:\/\/api.w.org\/{rel}","templated":true}]}}