{"id":111784,"date":"2022-06-21T12:07:36","date_gmt":"2022-06-21T10:07:36","guid":{"rendered":"https:\/\/www.messinaoggi.it\/website\/2022\/06\/21\/gas-cingolani-tetto-al-prezzo-unica-soluzione-sostenibile\/"},"modified":"2022-06-21T12:07:36","modified_gmt":"2022-06-21T10:07:36","slug":"gas-cingolani-tetto-al-prezzo-unica-soluzione-sostenibile","status":"publish","type":"post","link":"https:\/\/www.messinaoggi.it\/website\/2022\/06\/21\/gas-cingolani-tetto-al-prezzo-unica-soluzione-sostenibile\/","title":{"rendered":"Gas, Cingolani \u201cTetto al prezzo unica soluzione sostenibile\u201d"},"content":{"rendered":"<div>ROMA (ITALPRESS) &#8211; &#8220;La proposta di un tetto massimo pian piano \u00e8 uscita come l&#8217;unica soluzione sostenibile, bisogna evitare che qualcuno la mattina si alzi e stabilisca un prezzo folle, e penso che su questo punto otterremo qualcosa. Una seconda proposta che abbiamo fatto \u00e8 quella di disaccoppiare la borsa termoelettrica da quella delle energie rinnovabili, affinch\u00e8 non ci sia una correlazione obbligata nell&#8217;aumento dei prezzi&#8221;. Lo ha detto il ministro per la transizione ecologica, Roberto Cingolani, nel corso dell&#8217;Assemblea Pubblica di Elettricit\u00e0 Futura a Roma, parlando del prezzo del gas.<br \/>&#8220;Siamo in un momento in cui la transizione ecologica e il Repower Eu stanno alzando l&#8217;asticella, ma i problemi continuano a esserci e sono sempre pi\u00f9 delicati. Non manca il gas, la crisi \u00e8 del mercato. Chiudono le aziende, non perch\u00e8 manca il gas ma perch\u00e8 qualcuno ha deciso che oggi devono farcelo pagare di pi\u00f9 &#8211; ha aggiunto il ministro -. Su questo punto nessuno sta facendo abbastanza. Dicono che \u00e8 il mercato libero e non va perturbato, ma io non capisco cosa si deve fare di peggio per danneggiare i cittadini europei&#8221;.<div id=\"div-gpt-ad-Messinaoggi.it-DSK-300x250-corpoart\" style=\"text-align:center;margin:0 auto;\"><\/div><\/p>\n<p>&#8211; foto agenziafotogramma.it &#8211;<div id=\"videoincontent\" style=\"clear:both\";><\/div><\/p>\n<p>(ITALPRESS).<\/p><\/div>\n","protected":false},"excerpt":{"rendered":"<p>ROMA (ITALPRESS) &#8211; &#8220;La proposta di un tetto massimo pian piano \u00e8 uscita come l&#8217;unica soluzione sostenibile, bisogna evitare che qualcuno la mattina si alzi e stabilisca un prezzo folle, e penso che su questo punto otterremo qualcosa. Una seconda proposta che abbiamo fatto \u00e8 quella di disaccoppiare la borsa termoelettrica da quella delle energie [&hellip;]<\/p>\n","protected":false},"author":18,"featured_media":111785,"comment_status":"closed","ping_status":"closed","sticky":false,"template":"","format":"standard","meta":{"ub_ctt_via":"","_mi_skip_tracking":false},"categories":[446],"tags":[783],"featured_image_src":"https:\/\/www.messinaoggi.it\/website\/wp-content\/uploads\/2022\/06\/20220621_0456.jpg","author_info":{"display_name":"Admin","author_link":"https:\/\/www.messinaoggi.it\/website\/author\/admin\/"},"digistream_id":0,"digistream":false,"_links":{"self":[{"href":"https:\/\/www.messinaoggi.it\/website\/wp-json\/wp\/v2\/posts\/111784"}],"collection":[{"href":"https:\/\/www.messinaoggi.it\/website\/wp-json\/wp\/v2\/posts"}],"about":[{"href":"https:\/\/www.messinaoggi.it\/website\/wp-json\/wp\/v2\/types\/post"}],"author":[{"embeddable":true,"href":"https:\/\/www.messinaoggi.it\/website\/wp-json\/wp\/v2\/users\/18"}],"replies":[{"embeddable":true,"href":"https:\/\/www.messinaoggi.it\/website\/wp-json\/wp\/v2\/comments?post=111784"}],"version-history":[{"count":0,"href":"https:\/\/www.messinaoggi.it\/website\/wp-json\/wp\/v2\/posts\/111784\/revisions"}],"wp:featuredmedia":[{"embeddable":true,"href":"https:\/\/www.messinaoggi.it\/website\/wp-json\/wp\/v2\/media\/111785"}],"wp:attachment":[{"href":"https:\/\/www.messinaoggi.it\/website\/wp-json\/wp\/v2\/media?parent=111784"}],"wp:term":[{"taxonomy":"category","embeddable":true,"href":"https:\/\/www.messinaoggi.it\/website\/wp-json\/wp\/v2\/categories?post=111784"},{"taxonomy":"post_tag","embeddable":true,"href":"https:\/\/www.messinaoggi.it\/website\/wp-json\/wp\/v2\/tags?post=111784"}],"curies":[{"name":"wp","href":"https:\/\/api.w.org\/{rel}","templated":true}]}}