{"id":111782,"date":"2022-06-21T12:07:33","date_gmt":"2022-06-21T10:07:33","guid":{"rendered":"https:\/\/www.messinaoggi.it\/website\/2022\/06\/21\/energia-gentiloni-laumento-dei-prezzi-impone-la-neutralita-climatica\/"},"modified":"2022-06-21T12:07:33","modified_gmt":"2022-06-21T10:07:33","slug":"energia-gentiloni-laumento-dei-prezzi-impone-la-neutralita-climatica","status":"publish","type":"post","link":"https:\/\/www.messinaoggi.it\/website\/2022\/06\/21\/energia-gentiloni-laumento-dei-prezzi-impone-la-neutralita-climatica\/","title":{"rendered":"Energia, Gentiloni \u201cL\u2019aumento dei prezzi impone la neutralit\u00e0 climatica\u201d"},"content":{"rendered":"<div>ROMA (ITALPRESS) &#8211; &#8220;Il Green Deal europeo \u00e8 la nostra risposta alla crisi climatica. L&#8217;obiettivo ambizioso \u00e8 quello di ridurre del 55% le emissioni entro il 2030 e raggiungere la neutralit\u00e0 climatica entro il 2050. La crisi energetica causata dall&#8217;invasione russa in Ucraina ha creato incertezza nelle forniture e innesca una spirale di crescita dei prezzi. I primi a patirne le conseguenze sono le famiglie e le imprese&#8221;. Cos\u00ec il commissario per gli Affari economici e monetari Commissione europea, Paolo Gentiloni, all&#8217;Assemblea Pubblica di Elettricit\u00e0 Futura a Roma.<br \/>&#8220;Il caro energia \u00e8 il principale responsabile del balzo dell&#8217;inflazione in zona UE. La reazione dell&#8217;Europa non si \u00e8 fatta attendere, nonostante la forte dipendenza di alcuni paesi nelle importazioni dalla Russia &#8211; ha aggiunto l&#8217;ex premier -. A maggio l&#8217;embargo l carbone e petrolio dalla Russia, ma ha fatto seguito il piano Repower Ue per abbandonare l&#8217;indipendenza dalla Russia nei prossimi 5 anni attraverso tre punti, aumentare l&#8217;efficientamento energetico, diversificare le forniture per avere alternative alle importazioni dalla Russia, accelerare nello sviluppo delle rinnovabili&#8221;.<div id=\"div-gpt-ad-Messinaoggi.it-DSK-300x250-corpoart\" style=\"text-align:center;margin:0 auto;\"><\/div><\/p>\n<p>&#8211; foto agenziafotogramma.it &#8211;<div id=\"videoincontent\" style=\"clear:both\";><\/div><\/p>\n<p>(ITALPRESS).<\/p><\/div>\n","protected":false},"excerpt":{"rendered":"<p>ROMA (ITALPRESS) &#8211; &#8220;Il Green Deal europeo \u00e8 la nostra risposta alla crisi climatica. L&#8217;obiettivo ambizioso \u00e8 quello di ridurre del 55% le emissioni entro il 2030 e raggiungere la neutralit\u00e0 climatica entro il 2050. La crisi energetica causata dall&#8217;invasione russa in Ucraina ha creato incertezza nelle forniture e innesca una spirale di crescita dei [&hellip;]<\/p>\n","protected":false},"author":18,"featured_media":111783,"comment_status":"closed","ping_status":"closed","sticky":false,"template":"","format":"standard","meta":{"ub_ctt_via":"","_mi_skip_tracking":false},"categories":[446],"tags":[783],"featured_image_src":"https:\/\/www.messinaoggi.it\/website\/wp-content\/uploads\/2022\/06\/20220621_0352.jpg","author_info":{"display_name":"Admin","author_link":"https:\/\/www.messinaoggi.it\/website\/author\/admin\/"},"digistream_id":0,"digistream":false,"_links":{"self":[{"href":"https:\/\/www.messinaoggi.it\/website\/wp-json\/wp\/v2\/posts\/111782"}],"collection":[{"href":"https:\/\/www.messinaoggi.it\/website\/wp-json\/wp\/v2\/posts"}],"about":[{"href":"https:\/\/www.messinaoggi.it\/website\/wp-json\/wp\/v2\/types\/post"}],"author":[{"embeddable":true,"href":"https:\/\/www.messinaoggi.it\/website\/wp-json\/wp\/v2\/users\/18"}],"replies":[{"embeddable":true,"href":"https:\/\/www.messinaoggi.it\/website\/wp-json\/wp\/v2\/comments?post=111782"}],"version-history":[{"count":0,"href":"https:\/\/www.messinaoggi.it\/website\/wp-json\/wp\/v2\/posts\/111782\/revisions"}],"wp:featuredmedia":[{"embeddable":true,"href":"https:\/\/www.messinaoggi.it\/website\/wp-json\/wp\/v2\/media\/111783"}],"wp:attachment":[{"href":"https:\/\/www.messinaoggi.it\/website\/wp-json\/wp\/v2\/media?parent=111782"}],"wp:term":[{"taxonomy":"category","embeddable":true,"href":"https:\/\/www.messinaoggi.it\/website\/wp-json\/wp\/v2\/categories?post=111782"},{"taxonomy":"post_tag","embeddable":true,"href":"https:\/\/www.messinaoggi.it\/website\/wp-json\/wp\/v2\/tags?post=111782"}],"curies":[{"name":"wp","href":"https:\/\/api.w.org\/{rel}","templated":true}]}}