{"id":111780,"date":"2022-06-21T11:07:39","date_gmt":"2022-06-21T09:07:39","guid":{"rendered":"https:\/\/www.messinaoggi.it\/website\/2022\/06\/21\/pozzecco-in-azzurro-un-terremoto-di-emozioni\/"},"modified":"2022-06-21T11:07:39","modified_gmt":"2022-06-21T09:07:39","slug":"pozzecco-in-azzurro-un-terremoto-di-emozioni","status":"publish","type":"post","link":"https:\/\/www.messinaoggi.it\/website\/2022\/06\/21\/pozzecco-in-azzurro-un-terremoto-di-emozioni\/","title":{"rendered":"Pozzecco \u201cIn azzurro un terremoto di emozioni\u201d"},"content":{"rendered":"<div>ROMA (ITALPRESS) &#8211; &#8220;Il primo giorno \u00e8 stato un terremoto di emozioni. Iniziare nella citt\u00e0 in cui sono cresciuto enfatizza un&#8217;emozione gi\u00e0 enorme. Vedere qui Recalcati e il presidente Petrucci mi ricorda il Gianmarco giocatore a Varese e in Nazionale e completa una metamorfosi che mi rende felice&#8221;. Cos\u00ec, dalle colonne de &#8220;La Gazzetta dello Sport&#8221;, Gianmarco Pozzecco, che ieri a Trieste ha iniziato l&#8217;avventura come nuovo ct della Nazionale maschile azzurra del basket.<br \/>&#8220;Fare il ct \u00e8 una responsabilit\u00e0 enorme, pi\u00f9 grande di quando giocavo. Quando ho iniziato, pochi pensavano che sarei arrivato in Serie A o in Nazionale. E non ho mai creato aspettative sul fatto che potessi diventare allenatore. E&#8217; sempre stato cos\u00ec e la mia soddisfazione \u00e8 ancora pi\u00f9 grande&#8221;, ha aggiunto Pozzecco.<br \/>&#8220;Belinelli, Hackett e Datome? Questo \u00e8 un capitolo delicato. Per me \u00e8 la parte pi\u00f9 difficile, perch\u00e8 sento la necessit\u00e0 di creare un gruppo armonico. Il ritiro non pu\u00f2 pi\u00f9 essere quello militaresco e spietato dei miei tempi con i 14 migliori giocatori in competizione e in trincea per 12 posti. Al momento nessun &#8216;big&#8217; ha detto &#8216;n\u00f2&#8221;, ha concluso il ct azzurro.<br \/>&#8211; foto LivePhotoSport &#8211;<br \/>(ITALPRESS).<\/div>\n<div id=\"div-gpt-ad-Messinaoggi.it-DSK-300x250-corpoart\" style=\"text-align:center;margin:0 auto;\"><\/div><\/p><div id=\"videoincontent\" style=\"clear:both\";><\/div>","protected":false},"excerpt":{"rendered":"<p>ROMA (ITALPRESS) &#8211; &#8220;Il primo giorno \u00e8 stato un terremoto di emozioni. Iniziare nella citt\u00e0 in cui sono cresciuto enfatizza un&#8217;emozione gi\u00e0 enorme. Vedere qui Recalcati e il presidente Petrucci mi ricorda il Gianmarco giocatore a Varese e in Nazionale e completa una metamorfosi che mi rende felice&#8221;. Cos\u00ec, dalle colonne de &#8220;La Gazzetta dello [&hellip;]<\/p>\n","protected":false},"author":18,"featured_media":111781,"comment_status":"closed","ping_status":"closed","sticky":false,"template":"","format":"standard","meta":{"ub_ctt_via":"","_mi_skip_tracking":false},"categories":[446],"tags":[783],"featured_image_src":"https:\/\/www.messinaoggi.it\/website\/wp-content\/uploads\/2022\/06\/20220621_0148.jpg","author_info":{"display_name":"Admin","author_link":"https:\/\/www.messinaoggi.it\/website\/author\/admin\/"},"digistream_id":0,"digistream":false,"_links":{"self":[{"href":"https:\/\/www.messinaoggi.it\/website\/wp-json\/wp\/v2\/posts\/111780"}],"collection":[{"href":"https:\/\/www.messinaoggi.it\/website\/wp-json\/wp\/v2\/posts"}],"about":[{"href":"https:\/\/www.messinaoggi.it\/website\/wp-json\/wp\/v2\/types\/post"}],"author":[{"embeddable":true,"href":"https:\/\/www.messinaoggi.it\/website\/wp-json\/wp\/v2\/users\/18"}],"replies":[{"embeddable":true,"href":"https:\/\/www.messinaoggi.it\/website\/wp-json\/wp\/v2\/comments?post=111780"}],"version-history":[{"count":0,"href":"https:\/\/www.messinaoggi.it\/website\/wp-json\/wp\/v2\/posts\/111780\/revisions"}],"wp:featuredmedia":[{"embeddable":true,"href":"https:\/\/www.messinaoggi.it\/website\/wp-json\/wp\/v2\/media\/111781"}],"wp:attachment":[{"href":"https:\/\/www.messinaoggi.it\/website\/wp-json\/wp\/v2\/media?parent=111780"}],"wp:term":[{"taxonomy":"category","embeddable":true,"href":"https:\/\/www.messinaoggi.it\/website\/wp-json\/wp\/v2\/categories?post=111780"},{"taxonomy":"post_tag","embeddable":true,"href":"https:\/\/www.messinaoggi.it\/website\/wp-json\/wp\/v2\/tags?post=111780"}],"curies":[{"name":"wp","href":"https:\/\/api.w.org\/{rel}","templated":true}]}}