{"id":111778,"date":"2022-06-21T10:47:32","date_gmt":"2022-06-21T08:47:32","guid":{"rendered":"https:\/\/www.messinaoggi.it\/website\/2022\/06\/21\/raid-dei-no-vax-a-palermo-scritte-sui-muri-della-sede-dellordine-dei-medici\/"},"modified":"2022-06-21T10:47:32","modified_gmt":"2022-06-21T08:47:32","slug":"raid-dei-no-vax-a-palermo-scritte-sui-muri-della-sede-dellordine-dei-medici","status":"publish","type":"post","link":"https:\/\/www.messinaoggi.it\/website\/2022\/06\/21\/raid-dei-no-vax-a-palermo-scritte-sui-muri-della-sede-dellordine-dei-medici\/","title":{"rendered":"Raid dei No vax a Palermo, scritte sui muri della sede dell\u2019Ordine dei medici"},"content":{"rendered":"<div>\n<p>PALERMO (ITALPRESS) \u2013 Ovunque la W cerchiata, e poi scritte come \u201cMedici pro vax psicopatici nazisti\u201d \u201cServi di un governo nazista\u201d. Stamattina l\u2019Ordine dei medici di Palermo ha aperto i cancelli con i muri esterni della sede vandalizzati e imbrattati, con uno spray rosso, di simboli e frasi riconducibili al movimento no-vax ViVi.<br \/>\u201cDall\u2019insorgenza della pandemia, con tutte le sue restrizioni e obblighi di legge, l\u2019ordine ha dimostrato con i fatti di essere sempre pronto al contraddittorio e all\u2019ascolto dei medici contrari alla vaccinazione, tanto da avere creato con loro un gruppo di confronto. Il raid di stanotte \u00e8 vile e irragionevole, un attacco alla vita democratica e civile della \u2018casa di tutti i medic\u00ec, della citt\u00e0 e del Paese, che minaccia pericolosamente il valore della salute, della libert\u00e0 di scelta, ma anche della solidariet\u00e0 per le persone pi\u00f9 fragili\u201d. E\u2019 il commento del presidente dell\u2019Omceo di Palermo Toti Amato, consigliere della Federazione nazionale Fnomceo.<br \/>foto ufficio stampa Omceo di Palermo <br \/>(ITALPRESS).<div id=\"div-gpt-ad-Messinaoggi.it-DSK-300x250-corpoart\" style=\"text-align:center;margin:0 auto;\"><\/div><\/p>\n<\/div>\n<div id=\"videoincontent\" style=\"clear:both\";><\/div>","protected":false},"excerpt":{"rendered":"<p>PALERMO (ITALPRESS) \u2013 Ovunque la W cerchiata, e poi scritte come \u201cMedici pro vax psicopatici nazisti\u201d \u201cServi di un governo nazista\u201d. Stamattina l\u2019Ordine dei medici di Palermo ha aperto i cancelli con i muri esterni della sede vandalizzati e imbrattati, con uno spray rosso, di simboli e frasi riconducibili al movimento no-vax ViVi.\u201cDall\u2019insorgenza della pandemia, [&hellip;]<\/p>\n","protected":false},"author":18,"featured_media":111779,"comment_status":"closed","ping_status":"closed","sticky":false,"template":"","format":"standard","meta":{"ub_ctt_via":"","_mi_skip_tracking":false},"categories":[2449],"tags":[783],"featured_image_src":"https:\/\/www.messinaoggi.it\/website\/wp-content\/uploads\/2022\/06\/20220621_0199.jpg","author_info":{"display_name":"Admin","author_link":"https:\/\/www.messinaoggi.it\/website\/author\/admin\/"},"digistream_id":0,"digistream":false,"_links":{"self":[{"href":"https:\/\/www.messinaoggi.it\/website\/wp-json\/wp\/v2\/posts\/111778"}],"collection":[{"href":"https:\/\/www.messinaoggi.it\/website\/wp-json\/wp\/v2\/posts"}],"about":[{"href":"https:\/\/www.messinaoggi.it\/website\/wp-json\/wp\/v2\/types\/post"}],"author":[{"embeddable":true,"href":"https:\/\/www.messinaoggi.it\/website\/wp-json\/wp\/v2\/users\/18"}],"replies":[{"embeddable":true,"href":"https:\/\/www.messinaoggi.it\/website\/wp-json\/wp\/v2\/comments?post=111778"}],"version-history":[{"count":0,"href":"https:\/\/www.messinaoggi.it\/website\/wp-json\/wp\/v2\/posts\/111778\/revisions"}],"wp:featuredmedia":[{"embeddable":true,"href":"https:\/\/www.messinaoggi.it\/website\/wp-json\/wp\/v2\/media\/111779"}],"wp:attachment":[{"href":"https:\/\/www.messinaoggi.it\/website\/wp-json\/wp\/v2\/media?parent=111778"}],"wp:term":[{"taxonomy":"category","embeddable":true,"href":"https:\/\/www.messinaoggi.it\/website\/wp-json\/wp\/v2\/categories?post=111778"},{"taxonomy":"post_tag","embeddable":true,"href":"https:\/\/www.messinaoggi.it\/website\/wp-json\/wp\/v2\/tags?post=111778"}],"curies":[{"name":"wp","href":"https:\/\/api.w.org\/{rel}","templated":true}]}}