{"id":111776,"date":"2022-06-21T09:07:35","date_gmt":"2022-06-21T07:07:35","guid":{"rendered":"https:\/\/www.messinaoggi.it\/website\/2022\/06\/21\/al-via-a-roma-gli-stati-generali-mondo-lavoro-della-cultura\/"},"modified":"2022-06-21T09:07:35","modified_gmt":"2022-06-21T07:07:35","slug":"al-via-a-roma-gli-stati-generali-mondo-lavoro-della-cultura","status":"publish","type":"post","link":"https:\/\/www.messinaoggi.it\/website\/2022\/06\/21\/al-via-a-roma-gli-stati-generali-mondo-lavoro-della-cultura\/","title":{"rendered":"Al via a Roma gli Stati Generali Mondo Lavoro della Cultura"},"content":{"rendered":"<div>ROMA (ITALPRESS) &#8211; Tornano gli Stati Generali Mondo Lavoro della Cultura. Dopo il successo della prima edizione che si era svolta a Parma nel 2021, con protagonisti 40 relatori seguiti da oltre 5 mila spettatori presenti sulle piattaforme di streaming social, quest&#8217;anno l&#8217;iniziativa si terr\u00e0 a Roma, a Palazzo Bonaparte, in Piazza Venezia 5, da marted\u00ec 21 fino a venerd\u00ec 24 giugno. Rivolto principalmente ad aziende di settore, manager, sindacati, istituzioni, imprese, mondo della formazione, professionisti, ricercatori e studenti, il convegno utilizzer\u00e0 l&#8217;argomento &#8220;Cultura&#8221; per favorire un costruttivo confronto sui temi pi\u00f9 rilevanti ed urgenti del dibattito contemporaneo: rilancio della cultura, nuove competenze, FinTech (TecnoFinanza), musei, arte, nuovo mecenatismo e citt\u00e0 d&#8217;arte. Con il patrocinio dell&#8217;Assessorato alla Cultura del Comune di Roma e della Fondazione Federico II di Palermo, questa seconda edizione degli Stati Generali Mondo Lavoro della Cultura \u00e8 organizzata in collaborazione con Arthemisia e con il sostegno di Generali Valore Cultura.<br \/>Saranno quattro giornate, con meeting quotidiani in presenza, che avranno come oggetto le tematiche inerenti al mondo del lavoro della cultura, un asset fondamentale per l&#8217;Italia, che verr\u00e0 analizzato sotto tutti i suoi aspetti differenti ed ogni possibile coinvolgimento. L&#8217;inaugurazione dell&#8217;evento avverr\u00e0 nella mattinata di marted\u00ec 21 giugno. Protagoniste saranno le istituzioni nazionali e del territorio che si confronteranno sull&#8217;importanza della cultura come perno per il rilancio del paese. Nel meeting pomeridiano si incontreranno cultura e competenze e verranno analizzati metodi e procedure con cui operare per sostenere il rilancio del settore. Nella seconda giornata di mercoled\u00ec 22 giugno l&#8217;attenzione si sposter\u00e0 sul FinTech, un tema sempre pi\u00f9 fondamentale in ambito a artistico-culturale. Interverranno alcuni tra i maggiori esperti in materia che svilupperanno approfonditamente come il FinTech possa assumere un&#8217;importanza e un peso, ormai indispensabili, come volano per lo sviluppo dell&#8217;arte e delle attivit\u00e0 ad essa collegate.<br \/>Nel pomeriggio si parler\u00e0 invece di un asset molto importante per il nostro paese, ovvero quello dei musei. Protagonisti di questo meeting i direttori di alcuni importanti musei d&#8217;Italia che parleranno della propria esperienza e delle iniziative intraprese per supportare il rilancio del settore artisticoculturale.<br \/>Gioved\u00ec 23 giugno sar\u00e0 la volta del movimento dell&#8217;arte in Italia, dove interverranno alcuni dei nuovi artisti emergenti per parlare dei loro progetti e illustrare l&#8217;essenza dei movimenti artistici contemporanei. Nel secondo appuntamento di giornata si parler\u00e0 di nuovo mecenatismo, ovvero quanto sia importante per le aziende investire nell&#8217;arte e i vantaggi che ad esse ne possano derivare. Gli &#8220;Stati Generali Mondo Lavoro della Cultura&#8221; si concluderanno venerd\u00ec 24 giugno con il meeting dedicato alla divulgazione della cultura italiana, in cui importanti divulgatori culturali parleranno di come la cultura possa essere un&#8217;importante leva per gli investimenti e per l&#8217;occupazione.<br \/>La cerimonia di chiusura dell&#8217;evento si svolger\u00e0 nell&#8217;incontro pomeridiano dedicato a sindaci e assessori alla cultura delle pi\u00f9 importanti citt\u00e0 d&#8217;arte italiane che si confronteranno su progetti e idee di sviluppo culturale.<br \/>Tra i protagonisti di questa seconda edizione: Miguel Gotor, Assessore alla Cultura del Comune di Roma, le senatrici Nunzia Catalfo, Valeria Fedeli e Michela Montevecchi, Roberto Giacobbo, conduttore televisivo, giornalista e scrittore, Maria Pia Ammirati, Direttrice RAI Fiction, Livia Turco, Presidente Istituto Romano San Michele e Presidente fondazione Nilde Iotti, Dario Nardella, Sindaco di Firenze con un contributo video, Monica Guerritore, attrice e scrittrice, Patrizia Monterosso, Direttore Generale Fondazione Federico II, Domenico De Masi, Sociologo del Lavoro e Francesco Giambrone, Sovrintendente Teatro Opera di Roma.<div id=\"div-gpt-ad-Messinaoggi.it-DSK-300x250-corpoart\" style=\"text-align:center;margin:0 auto;\"><\/div><\/p>\n<p>&#8211; photo credit Diego De Pol \/ archivio Arthemisia &#8211;<div id=\"videoincontent\" style=\"clear:both\";><\/div><\/p>\n<p>(ITALPRESS).<\/p><\/div>\n","protected":false},"excerpt":{"rendered":"<p>ROMA (ITALPRESS) &#8211; Tornano gli Stati Generali Mondo Lavoro della Cultura. Dopo il successo della prima edizione che si era svolta a Parma nel 2021, con protagonisti 40 relatori seguiti da oltre 5 mila spettatori presenti sulle piattaforme di streaming social, quest&#8217;anno l&#8217;iniziativa si terr\u00e0 a Roma, a Palazzo Bonaparte, in Piazza Venezia 5, da [&hellip;]<\/p>\n","protected":false},"author":18,"featured_media":111777,"comment_status":"closed","ping_status":"closed","sticky":false,"template":"","format":"standard","meta":{"ub_ctt_via":"","_mi_skip_tracking":false},"categories":[446],"tags":[783],"featured_image_src":"https:\/\/www.messinaoggi.it\/website\/wp-content\/uploads\/2022\/06\/20220621_0093.jpg","author_info":{"display_name":"Admin","author_link":"https:\/\/www.messinaoggi.it\/website\/author\/admin\/"},"digistream_id":0,"digistream":false,"_links":{"self":[{"href":"https:\/\/www.messinaoggi.it\/website\/wp-json\/wp\/v2\/posts\/111776"}],"collection":[{"href":"https:\/\/www.messinaoggi.it\/website\/wp-json\/wp\/v2\/posts"}],"about":[{"href":"https:\/\/www.messinaoggi.it\/website\/wp-json\/wp\/v2\/types\/post"}],"author":[{"embeddable":true,"href":"https:\/\/www.messinaoggi.it\/website\/wp-json\/wp\/v2\/users\/18"}],"replies":[{"embeddable":true,"href":"https:\/\/www.messinaoggi.it\/website\/wp-json\/wp\/v2\/comments?post=111776"}],"version-history":[{"count":0,"href":"https:\/\/www.messinaoggi.it\/website\/wp-json\/wp\/v2\/posts\/111776\/revisions"}],"wp:featuredmedia":[{"embeddable":true,"href":"https:\/\/www.messinaoggi.it\/website\/wp-json\/wp\/v2\/media\/111777"}],"wp:attachment":[{"href":"https:\/\/www.messinaoggi.it\/website\/wp-json\/wp\/v2\/media?parent=111776"}],"wp:term":[{"taxonomy":"category","embeddable":true,"href":"https:\/\/www.messinaoggi.it\/website\/wp-json\/wp\/v2\/categories?post=111776"},{"taxonomy":"post_tag","embeddable":true,"href":"https:\/\/www.messinaoggi.it\/website\/wp-json\/wp\/v2\/tags?post=111776"}],"curies":[{"name":"wp","href":"https:\/\/api.w.org\/{rel}","templated":true}]}}