{"id":11177,"date":"2017-11-09T19:30:47","date_gmt":"2017-11-09T18:30:47","guid":{"rendered":"http:\/\/www.messinaoggi.it\/website\/?p=11177"},"modified":"2017-11-09T19:30:47","modified_gmt":"2017-11-09T18:30:47","slug":"germana-dispiaciuto-di-essere-il-primo-dei-non-eletti-di-fi-io-assessore-decidera-il-partito","status":"publish","type":"post","link":"https:\/\/www.messinaoggi.it\/website\/2017\/11\/09\/germana-dispiaciuto-di-essere-il-primo-dei-non-eletti-di-fi-io-assessore-decidera-il-partito\/","title":{"rendered":"German\u00e0: &#039;Dispiaciuto di essere il primo dei non eletti di FI. Io assessore? Decider\u00e0 il partito&#039;"},"content":{"rendered":"<p style=\"text-align: justify\"><span style=\"font-family: Arial, sans-serif\"><span style=\"font-size: large\"><span style=\"color: #000000\">&#8220;Desidero innanzitutto ringraziare le 11046 persone che mi hanno dato fiducia e, insieme con loro, tutto il mio staff, un gruppo straordinario di persone motivate dalla passione per la politica e dall\u2019affetto che ci lega&#8221;. \u00c8 quanto afferma il deputato uscente <\/span><span style=\"color: #000000\"><b>Nino German\u00e0<\/b><\/span><span style=\"color: #000000\">, il quale, nonostante l&#8217;enorme successo ottenuto in termini di consenso elettorale, non \u00e8 riuscito a tramutare gli oltre 11mila voti ottenuti in un seggio all&#8217;Ars. German\u00e0 risulta infatti essere il primo dei non eletti nella lista di Forza Italia a Messina.<\/span><\/span><\/span><div id=\"div-gpt-ad-Messinaoggi.it-DSK-300x250-corpoart\" style=\"text-align:center;margin:0 auto;\"><\/div><\/p>\n<p style=\"text-align: justify\" align=\"JUSTIFY\"><span style=\"font-family: Arial, sans-serif\"><span style=\"font-size: large\"><span style=\"color: #000000\">&#8220;Abbiamo raggiunto un risultato straordinario \u2013 prosegue German\u00e0 \u2013 contribuendo significativamente alla vittoria di <\/span><span style=\"color: #000000\"><b>Nello Musumeci <\/b><\/span><span style=\"color: #000000\">e del Centro Destra, dando finalmente alla Sicilia il presidente che merita e che certamente sapr\u00e0 scegliere insieme agli alleati la migliore squadra di Governo. <\/span><\/span><\/span><div id=\"videoincontent\" style=\"clear:both\";><\/div><\/p>\n<p style=\"text-align: justify\" align=\"JUSTIFY\"><span style=\"font-family: Arial, sans-serif\"><span style=\"font-size: large\"><span style=\"color: #000000\">Il fatto stesso che i giornalisti da un paio di giorni mi danno come possibile assessore gi\u00e0 mi lusinga, ma ci tengo a precisare che da parte mia non c\u2019\u00e8 nessuna pretesa; che accetter\u00f2 qualsiasi decisione di <\/span><span style=\"color: #000000\"><b>Gianfranco Miccich\u00e8<\/b><\/span><span style=\"color: #000000\">, commissario regionale di Forza Italia che ringrazio per avermi dato consentito di partecipare alla competizione elettorale nel partito nel quale sono nato e che nel 1994 ci vide protagonisti alla sua nascita in provincia di Messina. Faccio i miei complimenti agli eletti della lista di Forza Italia: <\/span><span style=\"color: #000000\"><b>Luigi Genovese<\/b><\/span><span style=\"color: #000000\">, che sta dimostrando carattere nonostante la giovane et\u00e0, all\u2019avvocato <\/span><span style=\"color: #000000\"><b>Tommaso Calderone <\/b><\/span><span style=\"color: #000000\">e a <\/span><span style=\"color: #000000\"><b>Bernadette Grasso<\/b><\/span><span style=\"color: #000000\">, che approda a sala d\u2019Ercole per la seconda volta.<\/span><\/span><\/span><\/p>\n<p style=\"text-align: justify\" align=\"JUSTIFY\"><span style=\"color: #000000\"><span style=\"font-family: Arial, sans-serif\"><span style=\"font-size: large\">Da parte mia non posso nascondere l\u2019amarezza di essere il primo dei non eletti, nonostante abbia riportato pi\u00f9 di 11mila preferenze, ma fa parte del gioco e riconosco ai miei diretti competitor di aver saputo fare meglio di me e gi\u00e0 da subito sono pronto a ripartire assieme ai tanti amici e ai numerosi amministratori della mia squadra. La campagna elettorale \u00e8 finita; adesso \u00e8 tempo di lavorare, perci\u00f2 faccio un invito a tutte le tifoserie, la mia per prima, ad abbassare i toni e remare tutti insieme in un&#8217;unica direzione per la nostra Sicilia, per Messina e per la crescita del partito&#8221;.<\/span><\/span><\/span><\/p>\n","protected":false},"excerpt":{"rendered":"<p>&#8220;Desidero innanzitutto ringraziare le 11046 persone che mi hanno dato fiducia e, insieme con loro, tutto il mio staff, un gruppo straordinario di persone motivate dalla passione per la politica e dall\u2019affetto che ci lega&#8221;. \u00c8 quanto afferma il deputato uscente Nino German\u00e0, il quale, nonostante l&#8217;enorme successo ottenuto in termini di consenso elettorale, non [&hellip;]<\/p>\n","protected":false},"author":10,"featured_media":3318,"comment_status":"closed","ping_status":"open","sticky":false,"template":"","format":"standard","meta":{"ub_ctt_via":"","_mi_skip_tracking":false},"categories":[11],"tags":[],"featured_image_src":"https:\/\/www.messinaoggi.it\/website\/wp-content\/uploads\/2017\/06\/Nino-Germana-5.jpg","author_info":{"display_name":"Paolo Mustica","author_link":"https:\/\/www.messinaoggi.it\/website\/author\/p-mustica\/"},"digistream_id":0,"digistream":false,"_links":{"self":[{"href":"https:\/\/www.messinaoggi.it\/website\/wp-json\/wp\/v2\/posts\/11177"}],"collection":[{"href":"https:\/\/www.messinaoggi.it\/website\/wp-json\/wp\/v2\/posts"}],"about":[{"href":"https:\/\/www.messinaoggi.it\/website\/wp-json\/wp\/v2\/types\/post"}],"author":[{"embeddable":true,"href":"https:\/\/www.messinaoggi.it\/website\/wp-json\/wp\/v2\/users\/10"}],"replies":[{"embeddable":true,"href":"https:\/\/www.messinaoggi.it\/website\/wp-json\/wp\/v2\/comments?post=11177"}],"version-history":[{"count":0,"href":"https:\/\/www.messinaoggi.it\/website\/wp-json\/wp\/v2\/posts\/11177\/revisions"}],"wp:featuredmedia":[{"embeddable":true,"href":"https:\/\/www.messinaoggi.it\/website\/wp-json\/wp\/v2\/media\/3318"}],"wp:attachment":[{"href":"https:\/\/www.messinaoggi.it\/website\/wp-json\/wp\/v2\/media?parent=11177"}],"wp:term":[{"taxonomy":"category","embeddable":true,"href":"https:\/\/www.messinaoggi.it\/website\/wp-json\/wp\/v2\/categories?post=11177"},{"taxonomy":"post_tag","embeddable":true,"href":"https:\/\/www.messinaoggi.it\/website\/wp-json\/wp\/v2\/tags?post=11177"}],"curies":[{"name":"wp","href":"https:\/\/api.w.org\/{rel}","templated":true}]}}