{"id":111762,"date":"2022-06-21T09:00:34","date_gmt":"2022-06-21T07:00:34","guid":{"rendered":"http:\/\/www.messinaoggi.it\/website\/?p=111762"},"modified":"2022-06-20T21:40:42","modified_gmt":"2022-06-20T19:40:42","slug":"pandemia-maxi-emergenze-e-guerre-al-via-da-giovedi-al-congresso-aimc","status":"publish","type":"post","link":"https:\/\/www.messinaoggi.it\/website\/2022\/06\/21\/pandemia-maxi-emergenze-e-guerre-al-via-da-giovedi-al-congresso-aimc\/","title":{"rendered":"Pandemia, maxi emergenze e guerre: al via da gioved\u00ec al congresso AIMC"},"content":{"rendered":"\n<p>Pandemia, maxi emergenze e guerre. Questi i principali temi verranno toccati in occasione del prossimo congresso nazionale dell\u2019Associazione Italiana Medicina delle Catastrofi (AIMC), che verr\u00e0 ospitato al Policlinico di Messina tra il 23 e il 25 giugno. I lavori di quest\u2019anno, infatti, saranno dedicati a temi di grande attualit\u00e0, come la pandemia e gli eventi bellici.<div id=\"div-gpt-ad-Messinaoggi.it-DSK-300x250-corpoart\" style=\"text-align:center;margin:0 auto;\"><\/div><\/p>\n\n\n\n<p>Esperti provenienti da tutta Italia si confronteranno con l\u2019obiettivo di individuare modelli virtuosi di gestione da assumere come esempi per elaborare nuove linee guida o raccomandazioni. La raccolta dei contributi avr\u00e0 anche lo scopo di evidenziare l\u2019importanza di un metodo comune e condiviso fra le componenti stesse del soccorso sanitario, e l\u2019integrazione fra i componenti dei vari settori o Enti chiamati ad intervenire su una grande emergenza sanitaria e sociale.<div id=\"videoincontent\" style=\"clear:both\";><\/div><\/p>\n\n\n\n<p>Presidenti del congresso, il dott. Consolato Malara, Risk Manager dell\u2019A.O.U. \u201cG. Martino\u201d, e il dott. Francesco De Luca, responsabile della Cardiologia Pediatrica del Policlinico. \u201cDopo due anni di pausa forzata \u2013 afferma il dott. Malara \u2013 il congresso riparte da Messina, con l\u2019intento di mettere a frutto le difficili esperienze maturate in questo settore negli ultimi anni. Gli spunti di riflessione saranno utili per tutto il sistema sanitario nazionale. Basti pensare alla primissima fase dell\u2019emergenza Covid, in cui mancavano chiare indicazioni sull\u2019organizzazione degli ospedali per impattare l\u2019emergenza. Stesso discorso per ci\u00f2 che concerne la comunicazione d\u2019emergenza. Si tratta di aspetti su cui non ci si pu\u00f2 pi\u00f9 fare trovare impreparati\u201d.<\/p>\n\n\n\n<p>Il programma prevede anche una giornata parallela dedicata agli aspetti legati alla medicina veterinaria nelle emergenze non epidemiche, durante la quale verr\u00e0 tracciato un excursus sul ruolo del Dipartimento di Sanit\u00e0 Pubblica e Veterinaria nelle grandi emergenze. La cerimonia di inaugurazione si svolger\u00e0 gioved\u00ec 23, alle 17,30, nei locali dell\u2019A.O.U. \u201cG. Martino\u201d di Messina.<\/p>\n\n\n\n<p>Il programma completo \u00e8 disponibile al link: https:\/\/www.aimcnet.it\/content\/index.php?option=com_attachments&amp;task=download&amp;id=196<\/p>\n","protected":false},"excerpt":{"rendered":"<p>Pandemia, maxi emergenze e guerre. Questi i principali temi verranno toccati in occasione del prossimo congresso nazionale dell\u2019Associazione Italiana Medicina delle Catastrofi (AIMC), che verr\u00e0 ospitato al Policlinico di Messina tra il 23 e il 25 giugno. I lavori di quest\u2019anno, infatti, saranno dedicati a temi di grande attualit\u00e0, come la pandemia e gli eventi [&hellip;]<\/p>\n","protected":false},"author":8,"featured_media":111763,"comment_status":"open","ping_status":"open","sticky":false,"template":"","format":"standard","meta":{"ub_ctt_via":"","_mi_skip_tracking":false},"categories":[5],"tags":[4676,1932],"featured_image_src":"https:\/\/www.messinaoggi.it\/website\/wp-content\/uploads\/2022\/06\/CongressoAIMC2022_Locandina.png","author_info":{"display_name":"red..me","author_link":"https:\/\/www.messinaoggi.it\/website\/author\/redstage\/"},"digistream_id":0,"digistream":false,"_links":{"self":[{"href":"https:\/\/www.messinaoggi.it\/website\/wp-json\/wp\/v2\/posts\/111762"}],"collection":[{"href":"https:\/\/www.messinaoggi.it\/website\/wp-json\/wp\/v2\/posts"}],"about":[{"href":"https:\/\/www.messinaoggi.it\/website\/wp-json\/wp\/v2\/types\/post"}],"author":[{"embeddable":true,"href":"https:\/\/www.messinaoggi.it\/website\/wp-json\/wp\/v2\/users\/8"}],"replies":[{"embeddable":true,"href":"https:\/\/www.messinaoggi.it\/website\/wp-json\/wp\/v2\/comments?post=111762"}],"version-history":[{"count":1,"href":"https:\/\/www.messinaoggi.it\/website\/wp-json\/wp\/v2\/posts\/111762\/revisions"}],"predecessor-version":[{"id":111764,"href":"https:\/\/www.messinaoggi.it\/website\/wp-json\/wp\/v2\/posts\/111762\/revisions\/111764"}],"wp:featuredmedia":[{"embeddable":true,"href":"https:\/\/www.messinaoggi.it\/website\/wp-json\/wp\/v2\/media\/111763"}],"wp:attachment":[{"href":"https:\/\/www.messinaoggi.it\/website\/wp-json\/wp\/v2\/media?parent=111762"}],"wp:term":[{"taxonomy":"category","embeddable":true,"href":"https:\/\/www.messinaoggi.it\/website\/wp-json\/wp\/v2\/categories?post=111762"},{"taxonomy":"post_tag","embeddable":true,"href":"https:\/\/www.messinaoggi.it\/website\/wp-json\/wp\/v2\/tags?post=111762"}],"curies":[{"name":"wp","href":"https:\/\/api.w.org\/{rel}","templated":true}]}}