{"id":111754,"date":"2022-06-20T21:07:32","date_gmt":"2022-06-20T19:07:32","guid":{"rendered":"https:\/\/www.messinaoggi.it\/website\/2022\/06\/20\/ceccon-e-pilato-da-sogno-doppio-oro-per-litalia-ai-mondiali-di-nuoto\/"},"modified":"2022-06-20T21:07:32","modified_gmt":"2022-06-20T19:07:32","slug":"ceccon-e-pilato-da-sogno-doppio-oro-per-litalia-ai-mondiali-di-nuoto","status":"publish","type":"post","link":"https:\/\/www.messinaoggi.it\/website\/2022\/06\/20\/ceccon-e-pilato-da-sogno-doppio-oro-per-litalia-ai-mondiali-di-nuoto\/","title":{"rendered":"Ceccon e Pilato da sogno: doppio oro per l\u2019Italia ai Mondiali di nuoto"},"content":{"rendered":"<div>BUDAPEST (UNGHERIA) (ITALPRESS) &#8211; Italia da sogno ai Mondiali di nuoto in corso a Budapest. La terza giornata in vasca si chiude con due medaglie d&#8217;oro che portano le firme di Thomas Ceccon e Benedetta Pilato. Strepitoso il veneto che frantuma il record del mondo (51&#8243;60) e conquista il primo successo italiano ai Mondiali nei 100 dorso. Una gara pazzesca quella condotta dall&#8217;azzurro che mette alle sue spalle gli americani Ryan Murphy (51&#8243;97) e Hunter Armstrong (51&#8243;98). Tutta la Duna Arena si \u00e8 alzata in piedi per Ceccon. &#8220;Devo ancora realizzare, 51&#8243;60 \u00e8 molto molto forte. Bastava fare la gara di ieri tenendo gli ultimi 15 metri e l&#8217;ho fatto, ma non mi aspettavo questo tempo &#8211; ha dichiarato Ceccon, quasi senza parole, commentando la sua gara ai microfoni Rai &#8211; Il record del mondo in Italia l&#8217;hanno fatto 4 atleti forse, \u00e8 un &#8216;achievement&#8217; che per la carriera di uno sportivo \u00e8 tanta roba. Oggi gli americani sono andati molto forte, Murphy si nasconde sempre e poi in finale tira fuori quello che non ha. L&#8217;altro ragazzo (Armstrong, ndr) ha la mia et\u00e0 e sapevo che poteva andare forte. La gara di ieri mi ha dato tanta sicurezza, oggi non dico che sapevo di vincere ma secondo me non avevo rivali. L&#8217;emozione? Sinceramente non lo so, non ne ho idea. Poi ovviamente oggi mancavano i due russi, sarebbe stata una sfida ancora maggiore. L&#8217;obiettivo non \u00e8 questo, \u00e8 pi\u00f9 in alto, ma gi\u00e0 cos\u00ec sono contento&#8221;, ha concluso Ceccon.<br \/>In chiusura di giornata festeggia anche Benedetta Pilato che con una strepitosa seconda frazione rimonta e vince (1&#8217;05&#8243;93) la finale dei 100 rana. Battuta allo sprint la tedesca Anna Elendt (1&#8217;05&#8243;98), terza la lituana Ruta Meilutyte (1&#8217;06&#8243;02). &#8220;Sono super felice, era il mio sogno e stasera \u00e8 diventato realt\u00e0&#8221;, ha ammesso la giovane pugliese scoppiando in lacrime subito dopo la vittoria.<br \/>&#8211; foto Image &#8211;<br \/>(ITALPRESS).<\/div>\n<div id=\"div-gpt-ad-Messinaoggi.it-DSK-300x250-corpoart\" style=\"text-align:center;margin:0 auto;\"><\/div><\/p><div id=\"videoincontent\" style=\"clear:both\";><\/div>","protected":false},"excerpt":{"rendered":"<p>BUDAPEST (UNGHERIA) (ITALPRESS) &#8211; Italia da sogno ai Mondiali di nuoto in corso a Budapest. La terza giornata in vasca si chiude con due medaglie d&#8217;oro che portano le firme di Thomas Ceccon e Benedetta Pilato. Strepitoso il veneto che frantuma il record del mondo (51&#8243;60) e conquista il primo successo italiano ai Mondiali nei [&hellip;]<\/p>\n","protected":false},"author":18,"featured_media":111755,"comment_status":"closed","ping_status":"closed","sticky":false,"template":"","format":"standard","meta":{"ub_ctt_via":"","_mi_skip_tracking":false},"categories":[446],"tags":[783],"featured_image_src":"https:\/\/www.messinaoggi.it\/website\/wp-content\/uploads\/2022\/06\/20220620_2482.jpg","author_info":{"display_name":"Admin","author_link":"https:\/\/www.messinaoggi.it\/website\/author\/admin\/"},"digistream_id":0,"digistream":false,"_links":{"self":[{"href":"https:\/\/www.messinaoggi.it\/website\/wp-json\/wp\/v2\/posts\/111754"}],"collection":[{"href":"https:\/\/www.messinaoggi.it\/website\/wp-json\/wp\/v2\/posts"}],"about":[{"href":"https:\/\/www.messinaoggi.it\/website\/wp-json\/wp\/v2\/types\/post"}],"author":[{"embeddable":true,"href":"https:\/\/www.messinaoggi.it\/website\/wp-json\/wp\/v2\/users\/18"}],"replies":[{"embeddable":true,"href":"https:\/\/www.messinaoggi.it\/website\/wp-json\/wp\/v2\/comments?post=111754"}],"version-history":[{"count":0,"href":"https:\/\/www.messinaoggi.it\/website\/wp-json\/wp\/v2\/posts\/111754\/revisions"}],"wp:featuredmedia":[{"embeddable":true,"href":"https:\/\/www.messinaoggi.it\/website\/wp-json\/wp\/v2\/media\/111755"}],"wp:attachment":[{"href":"https:\/\/www.messinaoggi.it\/website\/wp-json\/wp\/v2\/media?parent=111754"}],"wp:term":[{"taxonomy":"category","embeddable":true,"href":"https:\/\/www.messinaoggi.it\/website\/wp-json\/wp\/v2\/categories?post=111754"},{"taxonomy":"post_tag","embeddable":true,"href":"https:\/\/www.messinaoggi.it\/website\/wp-json\/wp\/v2\/tags?post=111754"}],"curies":[{"name":"wp","href":"https:\/\/api.w.org\/{rel}","templated":true}]}}